{"id":3,"name":"Adam Walerja\u0144czyk","url":"https:\/\/grupaset.pl\/setkiinspiracji\/portfolio-item\/adam-walerjanczyk\/","description":"Interesuje si\u0119 wieloma rzeczami z r\u00f3\u017cnych dziedzin, ale bardzo, bardzo og\u00f3lnie. Weso\u0142y i niekonsekwentny. Aktualnie zainteresowany marketingiem, postprodukcj\u0105 filmow\u0105 i mediami spo\u0142eczno\u015bciowymi. Kieruje si\u0119 intuicj\u0105 bardziej ni\u017c dowodami. Potrzebuje wok\u00f3\u0142 siebie ludzi o dok\u0142adnie przeciwstawnych stylach dzia\u0142ania i na szcz\u0119\u015bcie takich ma.","link":"https:\/\/grupaset.pl\/setkiinspiracji\/author\/walek\/","slug":"walek","avatar_urls":{"24":"https:\/\/secure.gravatar.com\/avatar\/7da4cecef8879389b6db968100563b2c83c53b9421f9522832a606cb6f3c26b3?s=24&d=mm&r=g","48":"https:\/\/secure.gravatar.com\/avatar\/7da4cecef8879389b6db968100563b2c83c53b9421f9522832a606cb6f3c26b3?s=48&d=mm&r=g","96":"https:\/\/secure.gravatar.com\/avatar\/7da4cecef8879389b6db968100563b2c83c53b9421f9522832a606cb6f3c26b3?s=96&d=mm&r=g"},"meta":{"feedzy_import_tour":true,"feedzy_hide_action_message":false},"_links":{"self":[{"href":"https:\/\/grupaset.pl\/setkiinspiracji\/wp-json\/wp\/v2\/users\/3","targetHints":{"allow":["GET"]}}],"collection":[{"href":"https:\/\/grupaset.pl\/setkiinspiracji\/wp-json\/wp\/v2\/users"}]}}