{"id":92,"date":"2013-08-13T14:16:04","date_gmt":"2013-08-13T12:16:04","guid":{"rendered":"http:\/\/www.grupaset.pl\/blog\/?p=92"},"modified":"2018-03-07T23:36:57","modified_gmt":"2018-03-07T22:36:57","slug":"samemu-czy-ze-wspolnikami","status":"publish","type":"post","link":"https:\/\/grupaset.pl\/setkiinspiracji\/samemu-czy-ze-wspolnikami\/","title":{"rendered":"6. Samemu, czy ze wsp\u00f3lnikami?"},"content":{"rendered":"<p>Adam jaki\u015b czas temu pisa\u0142 o tym, \u017ce <a title=\"W\u0142asny biznes to pasja\" href=\"http:\/\/www.grupaset.pl\/blog\/?p=13\" target=\"_blank\">w\u0142asny biznes to nie tylko pasja<\/a>. To, co w <!--more-->wypowiedzi Adama zwr\u00f3ci\u0142o moj\u0105 szczeg\u00f3ln\u0105 uwag\u0119, to podkre\u015blenie roli wsp\u00f3lnik\u00f3w w radzeniu sobie z prowadzeniem w\u0142asnego biznesu i pokonywaniem r\u00f3\u017cnych trudno\u015bci. Jak patrz\u0119 na w\u0142asne do\u015bwiadczenia ze wsp\u00f3lnikami, to delikatnie m\u00f3wi\u0105c\u2026 bywa\u0142o r\u00f3\u017cnie.<\/p>\n<p>Od samego pocz\u0105tku nawet jeszcze na etapie marzenia o w\u0142asnym biznesie by\u0142em zewsz\u0105d przekonywany, \u017ce <b>jak w\u0142asny biznes to ze wsp\u00f3lnikiem<\/b>. Kiedy zdecydowa\u0142em si\u0105 na za\u0142o\u017cenie w\u0142asnej firmy, to nie wyobra\u017ca\u0142em sobie pracy w pojedynk\u0119. Czu\u0142em, \u017ce musia\u0142em mie\u0107 osob\u0119, z kt\u00f3r\u0105 dzieli\u0142bym dobre i z\u0142e momenty funkcjonowania na rynku. Bardzo dok\u0142adnie i d\u0142ugo przygl\u0105da\u0142em si\u0119 potencjalnym kandydatom, z kt\u00f3rymi m\u00f3g\u0142bym dogada\u0107 si\u0119 zar\u00f3wno na p\u0142aszczy\u017anie zawodowej, jak i prywatnej (to jest r\u00f3wnie\u017c istotne). I sta\u0142o si\u0119!<\/p>\n<p>W\u00f3wczas wszystko by\u0142o wspania\u0142e, idealnie si\u0119 dogadywali\u015bmy, tworzyli\u015bmy wspania\u0142e wizje przysz\u0142o\u015bci. Ba! Nawet z sukcesami pokonali\u015bmy pierwsze trudno\u015bci i pozyskali\u015bmy dw\u00f3ch du\u017cych klient\u00f3w, kt\u00f3rzy dali nam mo\u017cliwo\u015b\u0107 przej\u015bcia bardzo \u0142agodnie i p\u0142ynnie przez pierwsze 6 miesi\u0119cy prowadzenia dzia\u0142alno\u015bci. Zdecydowanie du\u017co \u0142atwiej by\u0142o radzi\u0107 sobie z w\u0105tpliwo\u015bciami i obawami zwi\u0105zanymi z przej\u015bciem na swoje i radzi\u0107 sobie z tym, jak to Adam \u0142adnie nazwa\u0142 \u201ebezlitosnym obna\u017ceniem\u201d ca\u0142ego niewielkiego kapita\u0142u, jakim si\u0119 dysponuje. Zgrzeszy\u0142bym gdybym nie wspomnia\u0142 o tym, \u017ce nasze r\u00f3\u017cnorodne predyspozycje i kompetencje r\u00f3wnie\u017c wiele u\u0142atwia\u0142y. Podzia\u0142 zada\u0144 by\u0142 niemal\u017ce intuicyjny i ka\u017cdy m\u00f3g\u0142 zajmowa\u0107 si\u0119 tym, na czym bardziej si\u0119 zna lub co bardziej lubi. <b>Unika\u0142em dzi\u0119ki temu m\u0119czenia si\u0119 z tematami, kt\u00f3rych nie cierpi\u0119.<\/b><\/p>\n<p>Jednak jak ka\u017cdy medal, tak i ten ma dwie strony. <b>Praca razem to nie tylko wzajemne realizowanie zada\u0144, wspieranie si\u0119 i granie do tej samej bramki. <\/b>Praca ze wsp\u00f3lnikiem to r\u00f3wnie\u017c ciemna strona mocy.<\/p>\n<p>Najciemniejsz\u0105 stron\u0105 w przypadku wsp\u00f3lnik\u00f3w, z kt\u00f3rymi dane mi by\u0142o pracowa\u0107 by\u0142o chyba przyzwyczajenie, \u017ce nawet, je\u015bli nie zrealizujemy cel\u00f3w, kt\u00f3re sobie za\u0142o\u017cyli\u015bmy, to 28 ka\u017cdego miesi\u0105ca b\u0119dziemy mieli pensj\u0119 na koncie. A tak niestety nie jest. Praca na swoim to ci\u0119\u017cka praca i wymaga zaanga\u017cowania i ogromnej samodyscypliny. N\u00f3\u017c w kieszeni si\u0119 cz\u0142owiekowi otwiera jak dzwoni i pyta jak idzie robota (ta robota, kt\u00f3ra ma zapewni\u0107 wyp\u0142at\u0119 28) i s\u0142yszy \u201e<i>Jeszcze si\u0119 za to nie zabra\u0142em, bo mia\u0142em du\u017co obowi\u0105zk\u00f3w domowych\u201d.<\/i><\/p>\n<p>Ale to jeszcze nic! Zupe\u0142nie ciemno si\u0119 robi jak dowiadujesz si\u0119, \u017ce tw\u00f3j wsp\u00f3lnik nie b\u0119dzie dzieli\u0142 z tob\u0105 ryzyka prowadzenia w\u0142asnego biznesu, bo decyduje si\u0119 na rozwi\u0105zanie: jedn\u0105 nog\u0105 na etacie a drug\u0105 we w\u0142asnej firmie. O nie! W ci\u0105\u017cy si\u0119 albo jest albo nie! Nie da si\u0119 by\u0107 troch\u0119 w ci\u0105\u017cy. Tak te\u017c jest z w\u0142asnym biznesem. Albo go prowadzisz albo nie.<\/p>\n<p>Wiem jedno. Na 100% bez wsp\u00f3lnik\u00f3w nie by\u0142bym dzi\u015b tu gdzie jestem. Mo\u017ce nawet wr\u00f3ci\u0142bym na etat, a tak, dalej mam sw\u00f3j biznes, kt\u00f3ry ca\u0142kiem nie\u017ale prosperuje. Wiem te\u017c, \u017ce te do\u015bwiadczenia nauczy\u0142y mnie, aby szuka\u0107 bardziej partner\u00f3w biznesowych a nie wsp\u00f3lnik\u00f3w. Wsp\u00f3ln\u0105 prac\u0119 traktowa\u0107 jak projekt kr\u00f3tszy b\u0105d\u017a d\u0142u\u017cszy, ale jak projekt. Zasady wsp\u00f3\u0142pracy mie\u0107 jasno i konkretnie spisane w formie umowy. Ucz\u0105c si\u0119 na b\u0142\u0119dach i sukcesach, znalaz\u0142em form\u0119, kt\u00f3ra jest dla mnie najlepsza. A jak jest u Was?<\/p>\n<p>Zapraszam Was do dyskusji i dzielenia si\u0119 w\u0142asnymi do\u015bwiadczeniami, radami, spostrze\u017ceniami: <a href=\"http:\/\/www.goldenline.pl\/forum\/3273842\/lepiej-ze-wspolnikiem-czy-samemu\">http:\/\/www.goldenline.pl\/forum\/3273842\/lepiej-ze-wspolnikiem-czy-samemu<\/a><\/p>\n<p>Zapraszam te\u017c do \u015bledzenia bloga.<\/p>\n<div class=\"crunchify-social\"><h5>Udost\u0119pnij<\/h5><a class=\"ikon-share-gs\" href=\"https:\/\/www.facebook.com\/sharer\/sharer.php?u=https%3A%2F%2Fgrupaset.pl%2Fsetkiinspiracji%2Fsamemu-czy-ze-wspolnikami%2F\" target=\"_blank\"><i style=\"color:#3b5999; font-size:30px\" class=\"moon-facebook-2\"><\/i><\/a><a class=\"ikon-share-gs\" href=\"https:\/\/twitter.com\/intent\/tweet?text=6.%20Samemu,%20czy%20ze%20wsp\u00f3lnikami?&amp;url=https%3A%2F%2Fgrupaset.pl%2Fsetkiinspiracji%2Fsamemu-czy-ze-wspolnikami%2F&amp;via=Crunchify\" target=\"_blank\"><i style=\"color:#1dcaff; font-size:30px\" class=\"moon-twitter-2\"><\/i><\/a><a class=\"ikon-share-gs\" href=\"https:\/\/plus.google.com\/share?url=https%3A%2F%2Fgrupaset.pl%2Fsetkiinspiracji%2Fsamemu-czy-ze-wspolnikami%2F\" target=\"_blank\"><i style=\"color:#d34836; font-size:30px\" class=\"moon-google-plus-3\"><\/i><\/a><a class=\"ikon-share-gs\" href=\"https:\/\/www.linkedin.com\/shareArticle?mini=true&url=https%3A%2F%2Fgrupaset.pl%2Fsetkiinspiracji%2Fsamemu-czy-ze-wspolnikami%2F&amp;title=6.%20Samemu,%20czy%20ze%20wsp\u00f3lnikami?\" target=\"_blank\"><i style=\"color:#007bb5; font-size:30px\" class=\"moon-linkedin\"><\/i><\/a><\/div>","protected":false},"excerpt":{"rendered":"<p>Adam jaki\u015b czas temu pisa\u0142 o tym, \u017ce w\u0142asny biznes to nie tylko pasja. To, co w Udost\u0119pnij<\/p>\n","protected":false},"author":5,"featured_media":6415,"comment_status":"open","ping_status":"open","sticky":false,"template":"","format":"image","meta":{"footnotes":""},"categories":[2,45],"tags":[],"class_list":["post-92","post","type-post","status-publish","format-image","has-post-thumbnail","hentry","category-blog","category-przedsiebiorczosc","post_format-post-format-image"],"_links":{"self":[{"href":"https:\/\/grupaset.pl\/setkiinspiracji\/wp-json\/wp\/v2\/posts\/92","targetHints":{"allow":["GET"]}}],"collection":[{"href":"https:\/\/grupaset.pl\/setkiinspiracji\/wp-json\/wp\/v2\/posts"}],"about":[{"href":"https:\/\/grupaset.pl\/setkiinspiracji\/wp-json\/wp\/v2\/types\/post"}],"author":[{"embeddable":true,"href":"https:\/\/grupaset.pl\/setkiinspiracji\/wp-json\/wp\/v2\/users\/5"}],"replies":[{"embeddable":true,"href":"https:\/\/grupaset.pl\/setkiinspiracji\/wp-json\/wp\/v2\/comments?post=92"}],"version-history":[{"count":2,"href":"https:\/\/grupaset.pl\/setkiinspiracji\/wp-json\/wp\/v2\/posts\/92\/revisions"}],"predecessor-version":[{"id":50344,"href":"https:\/\/grupaset.pl\/setkiinspiracji\/wp-json\/wp\/v2\/posts\/92\/revisions\/50344"}],"wp:featuredmedia":[{"embeddable":true,"href":"https:\/\/grupaset.pl\/setkiinspiracji\/wp-json\/wp\/v2\/media\/6415"}],"wp:attachment":[{"href":"https:\/\/grupaset.pl\/setkiinspiracji\/wp-json\/wp\/v2\/media?parent=92"}],"wp:term":[{"taxonomy":"category","embeddable":true,"href":"https:\/\/grupaset.pl\/setkiinspiracji\/wp-json\/wp\/v2\/categories?post=92"},{"taxonomy":"post_tag","embeddable":true,"href":"https:\/\/grupaset.pl\/setkiinspiracji\/wp-json\/wp\/v2\/tags?post=92"}],"curies":[{"name":"wp","href":"https:\/\/api.w.org\/{rel}","templated":true}]}}