{"id":55253,"date":"2022-06-15T19:30:38","date_gmt":"2022-06-15T17:30:38","guid":{"rendered":"https:\/\/grupaset.pl\/setkiinspiracji\/?p=55253"},"modified":"2022-06-15T19:55:53","modified_gmt":"2022-06-15T17:55:53","slug":"i-tak-tego-nie-zapamietasz","status":"publish","type":"post","link":"https:\/\/grupaset.pl\/setkiinspiracji\/i-tak-tego-nie-zapamietasz\/","title":{"rendered":"178. I tak tego nie zapami\u0119tasz"},"content":{"rendered":"<div class=\"spacer\" style=\"height:20px\"><\/div>\n<p>Co ja si\u0119 nat\u0142umacz\u0119 o tej strefie komfortu i o tym, \u017ce rozw\u00f3j zaczyna si\u0119 poza ni\u0105\u2026<\/p>\n<p>A\u017c mi czasem g\u0142upio, \u017ce m\u00f3wi\u0119 \/ pisz\u0119 po rozwojowemu, bo oba te terminy (strefa komfortu i strefa ryzyka) s\u0105 tak oklepane i w rozwojowym \u015bwiecie i w \u015bwiecie internetowych mem\u00f3w, \u017ce czasem mam wra\u017cenie, \u017ce nara\u017cam si\u0119 na \u015bmieszno\u015b\u0107 pisz\u0105c o tym.<\/p>\n<p>Ale!<\/p>\n<p>S\u0142ucha\u0142em podcastu Wojew\u00f3dzki\/K\u0119dzierski, kt\u00f3rego go\u015bciem by\u0142 Jan Peszek, kt\u00f3rego uwielbiam, odk\u0105d zobaczy\u0142em go wykonuj\u0105cego monodram Bogus\u0142awa Schaeffera pod tytu\u0142em: \u201eScenariusz dla nieistniej\u0105cego lecz mo\u017cliwego aktora instrumentalnego\u201d. Tak, tak, pisz\u0105c to snobuj\u0119 si\u0119 na wytrawnego konsumenta kultury wysokiej. Tymczasem sztuka ta jest przekomiczna, a ja widz\u0105c j\u0105, po raz pierwszy zda\u0142em sobie spraw\u0119, \u017ce sztuka mo\u017ce by\u0107 drwin\u0105, aktor na scenie mo\u017ce bawi\u0107 si\u0119 \u015bwietnie i robi\u0107 to nie tylko z ogromnym dystansem do siebie (zjadaj\u0105c zach\u0142annie ca\u0142e jab\u0142ko albo robi\u0105c wygibasy na drabinie), ale te\u017c \u2013 co najwa\u017cniejsze \u2013 robi\u0105c to w taki spos\u00f3b, \u017ce wydaje si\u0119, \u017ce ot &#8211; wszed\u0142 na scen\u0119 i zagra\u0142 robi\u0105c z siebie g\u0142upka. Fragmenty tej sztuki zarejestrowane amatorsk\u0105 kamer\u0105 mo\u017cecie zobaczy\u0107 <a href=\"https:\/\/www.youtube.com\/watch?v=ZPPrWRiEnmE\">tutaj<\/a> .<\/p>\n<p>Ale zwr\u00f3\u0107cie uwag\u0119 na fragment zaczynaj\u0105cy si\u0119 od 3:12 \u2013 ile tekstu musia\u0142 si\u0119 Jan Peszek nauczy\u0107. To monodram, a wi\u0119c nie m\u00f3g\u0142 liczy\u0107 na pomoc kole\u017canek czy koleg\u00f3w na scenie. Wprawdzie momentami si\u0119 wspomaga kartkami, ale b\u0142agam \u2013 wyrecytowanie takich Karpat s\u0142\u00f3w to nie pierdni\u0119cie w m\u0105k\u0119.<\/p>\n<p>No i ten\u017ce Jan Peszek, kt\u00f3ry zapami\u0119tuje Karpaty tekstu opowiada\u0142, jak to podczas zaj\u0119\u0107 ze studentami zada\u0142 jakie\u015b pytanie jednemu z nich. Ten wyj\u0105\u0142 telefon i po chwili udzieli\u0142 poprawnej odpowiedzi. Peszek nie zareagowa\u0142, bo uzna\u0142, c\u00f3\u017c, takie czasy \u2013 mamy b\u0142yskawiczny dost\u0119p do informacji. Jednak po kilkunastu minutach zada\u0142 to samo pytanie temu samemu studentowi. Ten powt\u00f3rzy\u0142 procedur\u0119 \u2013 wyj\u0105\u0142 telefon\u2026<\/p>\n<p>Tak. Nie zapami\u0119ta\u0142 informacji, kt\u00f3re pozyska\u0142 przed kilkunastoma minutami.<\/p>\n<p>&nbsp;<\/p>\n<p>I w zasadzie tutaj m\u00f3g\u0142bym sko\u0144czy\u0107, bo wnioski potraficie wyci\u0105gn\u0105\u0107 sami.<\/p>\n<p>Ale nie zrobi\u0119 tego.<\/p>\n<p>Ja Wam tutaj wszystko \u0142adnie wyt\u0142umacz\u0119, \u017ceby\u015bcie nie musieli sami si\u0119 zastanawia\u0107, tylko pozyskali informacje, kt\u00f3re Walerja\u0144czyk poda Wam na tacy, \u017ceby potem m\u00f3c spokojnie je zapomnie\u0107.<\/p>\n<p>Prawdopodobnie nie wszyscy czytaj\u0105cy ten artyku\u0142 jeste\u015bcie aktorami czy aktorkami, <strong>wi\u0119c nie musicie uczy\u0107 si\u0119 tekstu na pami\u0119\u0107.<\/strong> Chc\u0119 tylko zaznaczy\u0107, \u017ce to, co przychodzi nam bez wysi\u0142ku zwykle nas nie ubogaca. Troch\u0119 o tym pisa\u0142em <a href=\"https:\/\/grupaset.pl\/setkiinspiracji\/zakurzone-piekno\/\">tutaj.<\/a><\/p>\n<p>&nbsp;<\/p>\n<p>Nie jestem piewc\u0105 rozwoju za wszelk\u0105 cen\u0119. Je\u015bli kto\u015b nie ma potrzeby czy ch\u0119ci rozwijania si\u0119 w jakim\u015b konkretnym kierunku, jego rzecz; sam ostatnio niewiele robi\u0119 dla pobudzenia szarych kom\u00f3rek pr\u00f3cz pisania bloga czy porannego rytua\u0142u robienia zagadki na stronie literalnie.fun.<\/p>\n<p>Ale je\u015bli chcemy by\u0107 silniejsi, sprawniejsi albo co najwa\u017cniejsze \u2013 bardziej sprawczy \u2013 musimy podj\u0105\u0107 wysi\u0142ek. I dotyczy to ka\u017cdej dziedziny \u2013 od sportu po nauk\u0119.<\/p>\n<p>Silniejsi mo\u017cemy wi\u0119cej. Cho\u0107by\u015bmy mieli zdecydowa\u0107, \u017ce funkcjonujemy poni\u017cej naszego progu mo\u017cliwo\u015bci, \u017ce nie chcemy przez ca\u0142y czas lata\u0107 na najwy\u017cszych obrotach, ale wiemy, \u017ce mamy potencja\u0142, kt\u00f3ry rozwin\u0119li\u015bmy podejmuj\u0105c wysi\u0142ek.<\/p>\n<p>O, to tak, jak z pi\u0119ciusetkonnym samochodem \u2013 nie b\u0119dziemy go \u017cy\u0142owa\u0107 przez 100% czasu jego u\u017cytkowania, ale kiedy trzeba wyprzedzi\u0107, zrobimy to bez wysi\u0142ku i strachu czy zd\u0105\u017cymy. Bo mamy potencja\u0142.<\/p>\n<p>&nbsp;<\/p>\n<p>I jeszcze jedna analogia \u2013 obejrza\u0142em filmik na You Tube, w kt\u00f3rym Micha\u0142 Kempa (35-letni stand-upowiec i kolarz amator) \u015bciga\u0142 si\u0119 na torze na rowerze czasowym z 50-letnim kolarzem zawodowym, na emeryturze rzecz jasna. Przeciwnik jecha\u0142 na zwyk\u0142ym rowerze szosowym i nie \u015bciga\u0142 si\u0119 od 10 lat. Kempa przegra\u0142 o kilka sekund, cho\u0107 na jego twarzy wida\u0107 by\u0142o ogromny wysi\u0142ek. Na tym polega r\u00f3\u017cnica.<\/p>\n<p>\u017be je\u015bli chcesz, to mo\u017cesz. A je\u015bli nie masz wytrenowanego potencja\u0142u, w kt\u00f3ry musisz w\u0142o\u017cy\u0107 wcze\u015bniej wysi\u0142ek, to nie mo\u017cesz. Albo mo\u017cesz mniej.<\/p>\n<p>I to w zasadzie tyle.<\/p>\n<p>Teraz sobie zdecyduj, co Ty tam chcesz. :)<\/p>\n<p>&nbsp;<\/p>\n<h1 class=\"Tre\"><span style=\"font-size: 16px;\"><div class=\"spacer\" style=\"height:30px\"><\/div><\/span><\/h1>\n<div class=\"crunchify-social\"><h5>Udost\u0119pnij<\/h5><a class=\"ikon-share-gs\" href=\"https:\/\/www.facebook.com\/sharer\/sharer.php?u=https%3A%2F%2Fgrupaset.pl%2Fsetkiinspiracji%2Fi-tak-tego-nie-zapamietasz%2F\" target=\"_blank\"><i style=\"color:#3b5999; font-size:30px\" class=\"moon-facebook-2\"><\/i><\/a><a class=\"ikon-share-gs\" href=\"https:\/\/twitter.com\/intent\/tweet?text=178.%20I%20tak%20tego%20nie%20zapami\u0119tasz&amp;url=https%3A%2F%2Fgrupaset.pl%2Fsetkiinspiracji%2Fi-tak-tego-nie-zapamietasz%2F&amp;via=Crunchify\" target=\"_blank\"><i style=\"color:#1dcaff; font-size:30px\" class=\"moon-twitter-2\"><\/i><\/a><a class=\"ikon-share-gs\" href=\"https:\/\/plus.google.com\/share?url=https%3A%2F%2Fgrupaset.pl%2Fsetkiinspiracji%2Fi-tak-tego-nie-zapamietasz%2F\" target=\"_blank\"><i style=\"color:#d34836; font-size:30px\" class=\"moon-google-plus-3\"><\/i><\/a><a class=\"ikon-share-gs\" href=\"https:\/\/www.linkedin.com\/shareArticle?mini=true&url=https%3A%2F%2Fgrupaset.pl%2Fsetkiinspiracji%2Fi-tak-tego-nie-zapamietasz%2F&amp;title=178.%20I%20tak%20tego%20nie%20zapami\u0119tasz\" target=\"_blank\"><i style=\"color:#007bb5; font-size:30px\" class=\"moon-linkedin\"><\/i><\/a><\/div>","protected":false},"excerpt":{"rendered":"<p>Co ja si\u0119 nat\u0142umacz\u0119 o tej strefie komfortu i o tym, \u017ce rozw\u00f3j zaczyna si\u0119 poza ni\u0105\u2026 A\u017c mi czasem g\u0142upio, \u017ce m\u00f3wi\u0119 \/ pisz\u0119 po rozwojowemu, bo oba te terminy (strefa komfortu i strefa ryzyka) s\u0105 tak oklepane i w rozwojowym \u015bwiecie i w \u015bwiecie internetowych mem\u00f3w, \u017ce czasem mam wra\u017cenie, \u017ce nara\u017cam si\u0119 [&hellip;]<\/p>\n","protected":false},"author":3,"featured_media":55256,"comment_status":"open","ping_status":"open","sticky":false,"template":"","format":"image","meta":{"footnotes":""},"categories":[1,2],"tags":[],"class_list":["post-55253","post","type-post","status-publish","format-image","has-post-thumbnail","hentry","category-aktualnosci","category-blog","post_format-post-format-image"],"_links":{"self":[{"href":"https:\/\/grupaset.pl\/setkiinspiracji\/wp-json\/wp\/v2\/posts\/55253","targetHints":{"allow":["GET"]}}],"collection":[{"href":"https:\/\/grupaset.pl\/setkiinspiracji\/wp-json\/wp\/v2\/posts"}],"about":[{"href":"https:\/\/grupaset.pl\/setkiinspiracji\/wp-json\/wp\/v2\/types\/post"}],"author":[{"embeddable":true,"href":"https:\/\/grupaset.pl\/setkiinspiracji\/wp-json\/wp\/v2\/users\/3"}],"replies":[{"embeddable":true,"href":"https:\/\/grupaset.pl\/setkiinspiracji\/wp-json\/wp\/v2\/comments?post=55253"}],"version-history":[{"count":2,"href":"https:\/\/grupaset.pl\/setkiinspiracji\/wp-json\/wp\/v2\/posts\/55253\/revisions"}],"predecessor-version":[{"id":55255,"href":"https:\/\/grupaset.pl\/setkiinspiracji\/wp-json\/wp\/v2\/posts\/55253\/revisions\/55255"}],"wp:featuredmedia":[{"embeddable":true,"href":"https:\/\/grupaset.pl\/setkiinspiracji\/wp-json\/wp\/v2\/media\/55256"}],"wp:attachment":[{"href":"https:\/\/grupaset.pl\/setkiinspiracji\/wp-json\/wp\/v2\/media?parent=55253"}],"wp:term":[{"taxonomy":"category","embeddable":true,"href":"https:\/\/grupaset.pl\/setkiinspiracji\/wp-json\/wp\/v2\/categories?post=55253"},{"taxonomy":"post_tag","embeddable":true,"href":"https:\/\/grupaset.pl\/setkiinspiracji\/wp-json\/wp\/v2\/tags?post=55253"}],"curies":[{"name":"wp","href":"https:\/\/api.w.org\/{rel}","templated":true}]}}