{"id":53719,"date":"2021-09-08T18:11:50","date_gmt":"2021-09-08T16:11:50","guid":{"rendered":"https:\/\/grupaset.pl\/setkiinspiracji\/?p=53719"},"modified":"2021-09-09T04:44:09","modified_gmt":"2021-09-09T02:44:09","slug":"to-co-do-roboty","status":"publish","type":"post","link":"https:\/\/grupaset.pl\/setkiinspiracji\/to-co-do-roboty\/","title":{"rendered":"162. To co &#8211; do roboty?"},"content":{"rendered":"<div class=\"spacer\" style=\"height:20px\"><\/div>\n<p>Nie wiem, jak macie Wy, ale mnie to zdanie ostatnimi czasy wprowadza w ca\u0142kiem przyjemny stan.<\/p>\n<p>Sko\u0144czy\u0142y si\u0119 wakacje, co dla wielu z nas oznacza koniec my\u015blenia o s\u0142odkim nier\u00f3bstwie i beztrosce. Tak, wiem, \u017ce wielu sobie je przed\u0142u\u017ca (ja sam tak robi\u0119 \u2013 ju\u017c w tym tygodniu wybieram si\u0119 na kilka dni w g\u00f3ry na rower), ale te dwa letnie miesi\u0105ce jako\u015b symbolicznie wyznaczaj\u0105 pewne granice. Tak si\u0119 zorganizowali\u015bmy jako spo\u0142ecze\u0144stwo, \u017ce wszystko mamy w szufladach. Lipiec i sierpie\u0144 to szuflada \u201ewakacje\u201d. Oraz niekt\u00f3re d\u0142ugie weekendy to te\u017c wakacje, takie mini. Pracujemy od \u00f3smej do szesnastej albo w innych godzinach, ale wi\u0119kszo\u015b\u0107 ludzi, kt\u00f3rych znam ma wyra\u017ane szuflady praca \u2013 dom. K\u0142adziemy si\u0119 spa\u0107 i wstajemy o podobnych porach dyktowanych planami zaj\u0119\u0107 w szko\u0142ach albo godzin\u0105 wstania do roboty \u2013 to szuflady na prac\u0119, szko\u0142\u0119 i sen. Czasem pracujemy na trzy zmiany. Tak, czy inaczej ten spo\u0142eczny model w wi\u0119kszo\u015bci adaptujemy bez wi\u0119kszego sprzeciwu; porz\u0105dkuje nam \u017cycie i sprawia, \u017ce w jakim\u015b stopniu staje si\u0119 ono przewidywalne.<\/p>\n<p>I jednocze\u015bnie, przez to w\u0142a\u015bnie bywa \u015bmiertelnie nudne.<\/p>\n<p>Podobne do siebie dni.<\/p>\n<p>Podobne weekendy.<\/p>\n<p>Podobne lata.<\/p>\n<p>&nbsp;<\/p>\n<p><strong>\u017bycie na etacie<br \/>\n<\/strong><\/p>\n<p>Kiedy pracowa\u0142em na etacie, najpierw jako handlowiec pomykaj\u0105cy wartko polonezem truckiem za\u0142adowanym po dach silikonami i pianami monta\u017cowymi, mia\u0142em tak uporz\u0105dkowany tydzie\u0144, \u017ce w okre\u015blone dni je\u017adzi\u0142em w kierunku Bydgoszczy, a w inne w kierunku Szczecina. P\u00f3\u017aniej, kiedy zarz\u0105dza\u0142em zespo\u0142em handlowc\u00f3w, w poniedzia\u0142ki zamykali\u015bmy tydzie\u0144, w \u015brody mieli\u015bmy spotkania ze wszystkimi przedstawicielami, a w pozosta\u0142e dni wdra\u017cali\u015bmy nowych oraz odwiedzali\u015bmy wybranych klient\u00f3w. Wtedy pracowa\u0142em znacznie d\u0142u\u017cej ni\u017c 9:00 \u2013 17:00, ale praca i tak nadawa\u0142a rytm dniom.<\/p>\n<p>A potem zacz\u0105\u0142em prac\u0119 na w\u0142asny rachunek.<\/p>\n<p>I zrobi\u0142o si\u0119&#8230; dziwnie.<\/p>\n<p>Nie musia\u0142em zrywa\u0107 si\u0119 do pracy, co przez pierwszych kilka miesi\u0119cy oznacza\u0142o dla mnie wstawanie o 10:30. Nikt nie zleca\u0142 mi zada\u0144. Zreszt\u0105 pracy te\u017c nikt mi nie zleca\u0142 (nie mieli\u015bmy jeszcze zlece\u0144 z biznesu, a Akademia SET raczkowa\u0142a). Mia\u0142em mn\u00f3stwo mocy przerobowych, kt\u00f3re nie wiedzia\u0142em, jak zagospodarowa\u0107. Kiedy czytam czasem o ludziach, kt\u00f3rzy przechodz\u0105c na swoje pracowali na pocz\u0105tku po 14 godzin, to troch\u0119 im zazdroszcz\u0119; ja da\u0142bym naprawd\u0119 wiele, \u017ceby wtedy zaj\u0105\u0107 czym\u015b my\u015bli.<\/p>\n<p>A my\u015bli mia\u0142em niefajne \u2013 czy damy rad\u0119, z czego op\u0142ac\u0119 rachunki, a co, je\u015bli si\u0119 nie uda i tak dalej. Brakowa\u0142o mi kieratu, rytmu dnia, brakowa\u0142o mi szuflad. Jakby kto\u015b wpad\u0142 do mojego domu i zrobi\u0142 jaki\u015b pierdolnik \u2013 wiecie, jak w filmach \u2013 wszystko porozrzucane.<\/p>\n<p>Kilka lat zaj\u0119\u0142o mi nauczenie si\u0119, tego, \u017ce nikt nie zleci mi zadania, co oznacza\u0142o te\u017c, \u017ce nie b\u0119d\u0119 m\u00f3g\u0142 si\u0119 na nikogo wkurza\u0107, \u017ce mi je zleca. \u017be jestem jedyn\u0105 osob\u0105 odpowiedzialn\u0105 za to, jak zorganizuj\u0119 sobie czas i za to, jakie b\u0119d\u0105 tego efekty. Praca na w\u0142asny rachunek zanim j\u0105 zacz\u0105\u0142em kojarzy\u0142a mi si\u0119 z niezale\u017cno\u015bci\u0105, na kt\u00f3r\u0105 \u2013 jak si\u0119 okaza\u0142o \u2013 zupe\u0142nie nie by\u0142em gotowy. I to nie by\u0142a przyjemna wiedza. To by\u0142y dni, miesi\u0105ce, w kt\u00f3rych t\u0119skni\u0142em za tym wszystkim, co mnie w etacie irytowa\u0142o, ale jednocze\u015bnie by\u0142o jedynym znanym mi \u015bwiatem.<\/p>\n<p>Bo etat daje bezpiecze\u0144stwo. Pozwala na lekkie rozpuszczanie odpowiedzialno\u015bci &#8211; \u017ce je\u015bli co\u015b zawal\u0119 to kto\u015b mnie opieprzy, ale na tym si\u0119 sko\u0144czy, bo przecie\u017c firma jest wielka, wi\u0119c jeden b\u0142\u0105d jednej osoby nie zrobi jej krzywdy. Pisz\u0119 o tym bez cienia ironii; po prostu wielokrotnie tego do\u015bwiadcza\u0142em. Pracowa\u0142em du\u017co, podejmowa\u0142em mn\u00f3stwo decyzji, od kt\u00f3rych zale\u017ca\u0142y losy podleg\u0142ych mi ludzi i pieni\u0119dzy, za kt\u00f3re by\u0142em odpowiedzialny, a kt\u00f3re nawet dzi\u015b uzna\u0142bym za du\u017ce. Ale je\u015bli wskutek mojego b\u0142\u0119du firma straci\u0142a kilkadziesi\u0105t tysi\u0119cy z\u0142otych, ja najwy\u017cej nie dosta\u0142em premii. A przecie\u017c nie pope\u0142nia\u0142em b\u0142\u0119d\u00f3w celowo.<\/p>\n<p>Praca na swoim nie wybacza. Tutaj, zw\u0142aszcza na pocz\u0105tku \u015bwiat jest brutalniejszy. Musia\u0142em si\u0119 go nauczy\u0107 na nowo. Z drugiej strony \u2013 jest ryzyko, jest zabawa. Praca na swoim to te\u017c znacznie lepsza d\u017awignia. O ile ka\u017cda strata wynikaj\u0105ca z b\u0142\u0119dnej decyzji jest bolesna, o tyle zyski nie ograniczaj\u0105 si\u0119 do pensji plus premia.<\/p>\n<p>Dzi\u015b wsp\u00f3\u0142prowadz\u0119 firm\u0119 marze\u0144.<\/p>\n<p>Mam wsp\u00f3lnik\u00f3w, z kt\u00f3rymi po latach coraz lepiej si\u0119 rozumiemy i coraz \u0142atwiej dogadujemy mimo r\u00f3\u017cnic, kt\u00f3re s\u0105 naturalne. Nie mamy pracownik\u00f3w. Mamy partnerki (tak si\u0119 sk\u0142ada, \u017ce wszystko to, czego nie widz\u0105 uczestnicy naszych szkole\u0144 ogarniaj\u0105 kobiety), kt\u00f3re s\u0105 tak odpowiedzialne za projekty, kt\u00f3rymi zarz\u0105dzaj\u0105, \u017ce czasem zadaj\u0119 sobie pytanie, kto tu jest szefem, bo zwyczajnie czasem mnie doprowadzaj\u0105 do pionu, je\u015bli ja o czym\u015b zapomn\u0119. Tak, zdarza si\u0119, \u017ce mnie p\u00f3\u0142-opieprz\u0105 (jest takie s\u0142owo? :). A mi z tym i wygodnie, i dobrze, i spokojnie. Bo otaczam si\u0119 lud\u017ami, za kt\u00f3rymi nie musz\u0119 biega\u0107 i ich kontrolowa\u0107 (niechbym tylko spr\u00f3bowa\u0142). Mam szcz\u0119\u015bcie wsp\u00f3\u0142pracowa\u0107 z lud\u017ami, kt\u00f3rym m\u00f3g\u0142bym dzi\u015b zostawi\u0107 firm\u0119 na p\u00f3\u0142 roku a potem wr\u00f3ci\u0107 i zasta\u0107 j\u0105 w lepszym stanie ni\u017c przez wyjazdem. Wsp\u00f3\u0142pracujemy z trenerkami i trenerami, kt\u00f3rym ufamy i, kt\u00f3rzy robi\u0105 na tyle dobr\u0105 robot\u0119 na sali szkoleniowej, \u017ce odbiorcy chc\u0105 wi\u0119cej.<\/p>\n<p>Pisz\u0119 ten tekst w przeddzie\u0144 urlopu. Czekaj\u0105 mnie dni, na kt\u00f3re ja czekam od dawna, zw\u0142aszcza na ten pierwszy, kiedy z takim g\u0142odem wr\u00f3c\u0119 do znajomych widok\u00f3w, d\u017awi\u0119k\u00f3w i zapach\u00f3w, do szybkiego bicia serca, do wysi\u0142ku, kt\u00f3ry pewnie na pocz\u0105tku potraktuj\u0119 zbyt zach\u0142annie, a kt\u00f3ry potem b\u0119d\u0119 sobie dawkowa\u0142 niespiesznie, ch\u0142on\u0105c ka\u017cdym zmys\u0142em.<\/p>\n<p>Jeden z podjazd\u00f3w szczeg\u00f3lnie mi si\u0119 podoba \u2013 pi\u0119kna ponad pi\u0119ciokilometrowa wspinaczka g\u0142adkim asfaltem w lesie, z kt\u00f3rego wystaj\u0105 ostre, omszone, pachn\u0105ce wilgoci\u0105 kilkunastometrowe ska\u0142ki i s\u0142ycha\u0107 szum potoku. I tego dnia b\u0119d\u0105 cztery zupe\u0142nie r\u00f3\u017cne podjazdy. I wieczorem napij\u0119 si\u0119 lokalnego piwa i zjem wysokokaloryczn\u0105 kolacj\u0119.<\/p>\n<p>A potem, na koniec us\u0142ysz\u0119 g\u0142os: \u201eWalerja\u0144czyk, do roboty!\u201d<\/p>\n<p>I nie, to nie b\u0119dzie moment, w kt\u00f3rym obudz\u0119 si\u0119 z pi\u0119knego snu, \u017ceby zderzy\u0107 si\u0119 brutalnie z klawiatur\u0105 komputera. Bo ja wracam do firmy moich marze\u0144, serio.<\/p>\n<p>Tak, b\u0119d\u0119 t\u0119skni\u0142 do kolejnego spotkania z tym moim pi\u0119knem ostatecznym. Ale \u015bwiadomo\u015b\u0107, \u017ce b\u0119dzie kolejny raz oraz \u017ce czas pomi\u0119dzy sp\u0119dz\u0119 z lud\u017ami, kt\u00f3rym ufam i kt\u00f3rych lubi\u0119, w pracy, kt\u00f3r\u0105 lubi\u0119 to co\u015b wi\u0119cej ni\u017c <em>work-life balance<\/em>. Ja nazwa\u0142bym to pe\u0142ni\u0105 \u017cycia.<\/p>\n<p><strong>Dlatego dzi\u015b nie \u017cyj\u0119 w szufladach.<\/strong><\/p>\n<p>Dzi\u015b \u017cyj\u0119.<\/p>\n<h1 class=\"Tre\"><span style=\"font-size: 16px;\"><div class=\"spacer\" style=\"height:30px\"><\/div><\/span><\/h1>\n<div class=\"crunchify-social\"><h5>Udost\u0119pnij<\/h5><a class=\"ikon-share-gs\" href=\"https:\/\/www.facebook.com\/sharer\/sharer.php?u=https%3A%2F%2Fgrupaset.pl%2Fsetkiinspiracji%2Fto-co-do-roboty%2F\" target=\"_blank\"><i style=\"color:#3b5999; font-size:30px\" class=\"moon-facebook-2\"><\/i><\/a><a class=\"ikon-share-gs\" href=\"https:\/\/twitter.com\/intent\/tweet?text=162.%20To%20co%20&#8211;%20do%20roboty?&amp;url=https%3A%2F%2Fgrupaset.pl%2Fsetkiinspiracji%2Fto-co-do-roboty%2F&amp;via=Crunchify\" target=\"_blank\"><i style=\"color:#1dcaff; font-size:30px\" class=\"moon-twitter-2\"><\/i><\/a><a class=\"ikon-share-gs\" href=\"https:\/\/plus.google.com\/share?url=https%3A%2F%2Fgrupaset.pl%2Fsetkiinspiracji%2Fto-co-do-roboty%2F\" target=\"_blank\"><i style=\"color:#d34836; font-size:30px\" class=\"moon-google-plus-3\"><\/i><\/a><a class=\"ikon-share-gs\" href=\"https:\/\/www.linkedin.com\/shareArticle?mini=true&url=https%3A%2F%2Fgrupaset.pl%2Fsetkiinspiracji%2Fto-co-do-roboty%2F&amp;title=162.%20To%20co%20&#8211;%20do%20roboty?\" target=\"_blank\"><i style=\"color:#007bb5; font-size:30px\" class=\"moon-linkedin\"><\/i><\/a><\/div>","protected":false},"excerpt":{"rendered":"<p>Nie wiem, jak macie Wy, ale mnie to zdanie ostatnimi czasy wprowadza w ca\u0142kiem przyjemny stan. Sko\u0144czy\u0142y si\u0119 wakacje, co dla wielu z nas oznacza koniec my\u015blenia o s\u0142odkim nier\u00f3bstwie i beztrosce. Tak, wiem, \u017ce wielu sobie je przed\u0142u\u017ca (ja sam tak robi\u0119 \u2013 ju\u017c w tym tygodniu wybieram si\u0119 na kilka dni w g\u00f3ry [&hellip;]<\/p>\n","protected":false},"author":3,"featured_media":53722,"comment_status":"open","ping_status":"open","sticky":false,"template":"","format":"image","meta":{"footnotes":""},"categories":[1,2],"tags":[],"class_list":["post-53719","post","type-post","status-publish","format-image","has-post-thumbnail","hentry","category-aktualnosci","category-blog","post_format-post-format-image"],"_links":{"self":[{"href":"https:\/\/grupaset.pl\/setkiinspiracji\/wp-json\/wp\/v2\/posts\/53719","targetHints":{"allow":["GET"]}}],"collection":[{"href":"https:\/\/grupaset.pl\/setkiinspiracji\/wp-json\/wp\/v2\/posts"}],"about":[{"href":"https:\/\/grupaset.pl\/setkiinspiracji\/wp-json\/wp\/v2\/types\/post"}],"author":[{"embeddable":true,"href":"https:\/\/grupaset.pl\/setkiinspiracji\/wp-json\/wp\/v2\/users\/3"}],"replies":[{"embeddable":true,"href":"https:\/\/grupaset.pl\/setkiinspiracji\/wp-json\/wp\/v2\/comments?post=53719"}],"version-history":[{"count":2,"href":"https:\/\/grupaset.pl\/setkiinspiracji\/wp-json\/wp\/v2\/posts\/53719\/revisions"}],"predecessor-version":[{"id":53723,"href":"https:\/\/grupaset.pl\/setkiinspiracji\/wp-json\/wp\/v2\/posts\/53719\/revisions\/53723"}],"wp:featuredmedia":[{"embeddable":true,"href":"https:\/\/grupaset.pl\/setkiinspiracji\/wp-json\/wp\/v2\/media\/53722"}],"wp:attachment":[{"href":"https:\/\/grupaset.pl\/setkiinspiracji\/wp-json\/wp\/v2\/media?parent=53719"}],"wp:term":[{"taxonomy":"category","embeddable":true,"href":"https:\/\/grupaset.pl\/setkiinspiracji\/wp-json\/wp\/v2\/categories?post=53719"},{"taxonomy":"post_tag","embeddable":true,"href":"https:\/\/grupaset.pl\/setkiinspiracji\/wp-json\/wp\/v2\/tags?post=53719"}],"curies":[{"name":"wp","href":"https:\/\/api.w.org\/{rel}","templated":true}]}}