{"id":53503,"date":"2021-05-19T17:15:02","date_gmt":"2021-05-19T15:15:02","guid":{"rendered":"https:\/\/grupaset.pl\/setkiinspiracji\/?p=53503"},"modified":"2021-05-19T17:16:02","modified_gmt":"2021-05-19T15:16:02","slug":"kultura-jednorazowa","status":"publish","type":"post","link":"https:\/\/grupaset.pl\/setkiinspiracji\/kultura-jednorazowa\/","title":{"rendered":"154. Kultura jednorazowa"},"content":{"rendered":"<div class=\"spacer\" style=\"height:20px\"><\/div>\n<p>Z wiarygodnego \u017ar\u00f3d\u0142a, kt\u00f3rego \u2013 a jak\u017ce \u2013 nie potrafi\u0119 przytoczy\u0107 wiem, \u017ce recycling papieru jest bardziej energoch\u0142onny ni\u017c recycling plastiku. Dlatego mi\u0119dzy bajki mo\u017cna w\u0142o\u017cy\u0107 sobie u\u017cywanie opakowa\u0144 papierowych jako bardziej ekologicznych ni\u017c te plastikowe.<\/p>\n<p>Problemem nie jest to, jakich opakowa\u0144 u\u017cywamy, tylko to, \u017ce u\u017cywamy ich jednorazowo.<br \/>\nI jednorazowych maszynek do golenia. Ubra\u0144. No dobra, pierzemy je, ale raczej nie naprawiamy tylko kupujemy nowe jak tylko zrobi si\u0119 jaka\u015b dziura czy uporczywa plama. A przemys\u0142 odzie\u017cowy truje \u015brodowisko bardziej ni\u017c samochodowy. Jednorazowe r\u0119czniki papierowe zast\u0119puj\u0105 nam \u015bciereczki. S\u0142oiki po buraczkach tartych i og\u00f3rkach konserwowych wyrzucamy podobnie, jak butelki po piwie.<\/p>\n<p>Tak, ja wiem, \u017ce nie wszyscy, ale wyrzucamy.<\/p>\n<p>A przecie\u017c najbardziej ekologicznym opakowaniem jest to, kt\u00f3re ju\u017c mamy.<\/p>\n<p>Nie wiem, czy teza, kt\u00f3r\u0105 tutaj stawiam nie jest zbyt odwa\u017cna, ale ta jednorazowo\u015b\u0107 mo\u017ce si\u0119 przek\u0142ada\u0107 na nasze my\u015blenie du\u017co bardziej, ni\u017c mog\u0142oby si\u0119 wydawa\u0107.<\/p>\n<p>To my\u015blenie to: \u201eu\u017cyj i si\u0119gnij po nowe\u201d.<\/p>\n<p>\u0141atwiej jest si\u0119gn\u0105\u0107 po co\u015b nowego ni\u017c po\u015bwi\u0119ci\u0107 czas i energi\u0119 na naprawianie tego, co mamy. Ten zaoszcz\u0119dzony czas mo\u017cemy potem spokojnie wykorzysta\u0107 na ogl\u0105danie seriali albo bezmy\u015blne skrolowanie Instagrama.<\/p>\n<p>Byli\u015bcie ju\u017c na<strong> <a href=\"https:\/\/www.instagram.com\/grupa_set\/\">Instagramie Grupy SET<\/a><\/strong>? Heh.<\/p>\n<p>I to si\u0119ganie po nowe powoduje, \u017ce przestajemy po\u015bwi\u0119ca\u0107 uwag\u0119 na to, co ju\u017c jaki\u015b czas z nami jest. \u017be prze\u015blizgujemy si\u0119 po informacjach, relacjach, rozmowach, chwilach bez refleksji czy prze\u017cywania. Jakby to, co mamy by\u0142o oczywiste i z jakich\u015b przyczyn nam si\u0119 nale\u017ca\u0142o. Nie doceniamy tego co mamy, w oczekiwaniu na nowe, lepsze, kt\u00f3re zawsze kto\u015b nam zaproponuje. Z nosami w smartfonach. Z pochwa\u0142\u0105 wielozadaniowo\u015bci i podzielno\u015bci uwagi kosztem koncentracji na tym, co teraz, cieszeniem i napawaniem si\u0119 chwil\u0105, kt\u00f3ra w\u0142a\u015bnie trwa. Z ci\u0105g\u0142ym si\u0119ganiem pami\u0119ci\u0105 do przesz\u0142ych wydarze\u0144 albo projektowaniem przysz\u0142ych objawiaj\u0105c\u0105 si\u0119 cho\u0107by odruchowym si\u0119ganiem po telefon, \u017ceby na przyk\u0142ad uwieczni\u0107 na zdj\u0119ciach jaki\u015b zacny widok, do kt\u00f3rego nawet je\u015bli wr\u00f3cimy, to nie b\u0119dzie ani tak okaza\u0142y ani pi\u0119kny, jakim by\u0142 w rzeczywisto\u015bci. Robimy tych zdj\u0119\u0107 setki, przechowujemy je na serwerach na Islandii albo w jakim\u015b innym Idaho, czasem pokazujemy znajomym i rodzinie, kt\u00f3rych nieszczeg\u00f3lnie to interesuje.<\/p>\n<p>&nbsp;<\/p>\n<p>Pisz\u0119 ten tekst zainspirowany wywiadem, kt\u00f3rego udzieli\u0142 Piotrowi Kra\u015bce Hunter Biden, syn Joe Bidena, prezydenta USA. Z wywiadu wy\u0142ania si\u0119 posta\u0107 Joe Bidena, jako troskliwego i opieku\u0144czego ojca (co ciekawe, nawet b\u0119d\u0105c ju\u017c prezydentem codziennie dzwoni on do syna, c\u00f3rki i wnuk\u00f3w. Codziennie. Maj\u0105c na g\u0142owie losy pot\u0119\u017cnego kraju i poniek\u0105d ca\u0142ego \u015bwiata). Za tymi telefonami stoi jednak strasznie smutna, nieameryka\u0144ska zupe\u0142nie historia. Na kilka tygodni przez zaprzysi\u0119\u017ceniem na pierwsz\u0105 kadencj\u0119 senack\u0105 w samoch\u00f3d, kt\u00f3rym podr\u00f3\u017cuj\u0105 \u017cona Bidena z jego c\u00f3rk\u0105 i dwoma synami wje\u017cd\u017ca rozp\u0119dzona ci\u0119\u017car\u00f3wka. Kobieta z c\u00f3rk\u0105 gin\u0105, ch\u0142opcy trafiaj\u0105 do szpitala. Biden zostaje zaprzysi\u0119\u017cony na senatora przy szpitalnym \u0142\u00f3\u017cku starszego syna Beau Bidena, kt\u00f3rego traci w 2015 roku w wyniku jego choroby. M\u0142odszy, Hunter popada w chorob\u0119 psychiczn\u0105, alkoholizm i narkotyki. Ojciec wspiera syna przez ca\u0142e jego \u017cycie, przez wszystkie jego nieudane pr\u00f3by wyj\u015bcia z na\u0142ogu. Zaatakowany w debacie prezydenckiej przez Donalda Trumpa, kt\u00f3ry wykrzykiwa\u0142 jakie\u015b okropno\u015bci pod adresem Bidena zwi\u0105zane z przesz\u0142o\u015bci\u0105 jego syna, Biden powiedzia\u0142 tylko ze wzruszeniem, \u017ce jest dumny z syna, \u017ce ostatecznie wyszed\u0142 z wszystkiego obronn\u0105 r\u0119k\u0105. I t\u0105 dum\u0119 okazuje w codziennych telefonach do rodziny. Straci\u0142 wiele najbli\u017cszych os\u00f3b, otacza wi\u0119c opiek\u0105 tych, kt\u00f3rzy wci\u0105\u017c z nim s\u0105. Historia smutna, ale postawa Bidena godna podziwu.<\/p>\n<p>Ze swojej historii pami\u0119tam takie wydarzenie, jak pierwszy prysznic po prawie miesi\u0105cu le\u017cenia w szpitalnym \u0142\u00f3\u017cku i przemywaniem bezw\u0142adnego cia\u0142a przez personel szpitalny p\u00f3\u0142wilgotn\u0105 g\u0105bk\u0105. Sta\u0142em tam pod tym prysznicem i p\u0142aka\u0142em ze wzruszenia, tak\u0105 nieopisan\u0105 przyjemno\u015b\u0107 sprawia\u0142a mi woda sp\u0142ywaj\u0105ca po ciele. Nic takiego, prawda?<\/p>\n<p>I kiedy to pisz\u0119, przypominam sobie wczorajszy prysznic po rowerze. By\u0142, jak to si\u0119 m\u00f3wi \u201eszybki\u201d. Wezm\u0119 tylko szybki prysznic, powiedzia\u0142em do \u017cony. Ot, codzienna czynno\u015b\u0107, do kt\u00f3rej nie przywi\u0105zuj\u0119 zbytniej uwagi. Podobnie, jak wielu do posi\u0142k\u00f3w jedzonych czasem w biegu, wsp\u00f3lnych leniwych wieczor\u00f3w z \u017con\u0105, przecie\u017c to nic wielkiego, przecie\u017c jutro te\u017c mog\u0119 wzi\u0105\u0107 prysznic, przecie\u017c, jak zjad\u0142em \u015bniadanie to zjem te\u017c kolacj\u0119, przecie\u017c jutro te\u017c b\u0119dzie wiecz\u00f3r, przecie\u017c, jak dzisiaj nie porozmawiam z synem o jego obecnych, wa\u017cnych wyborach to porozmawiam jutro i tak dalej.<\/p>\n<p>&nbsp;<\/p>\n<p>Pisz\u0105c o kulturze jednorazowej pisz\u0119 tak naprawd\u0119 o tym, \u017ce nauczyli\u015bmy si\u0119 nie przywi\u0105zywa\u0107 wagi do tego, co mamy. Nie tylko w kontek\u015bcie materialnym, ale te\u017c w kontek\u015bcie relacji z innymi i sob\u0105 samym. Bo to mamy. Bo mamy kogo\u015b obok siebie, do kogo mo\u017cemy si\u0119 odezwa\u0107. Bo mamy pieni\u0105dze na rzeczy, kt\u00f3re s\u0105 nam do \u017cycia potrzebne i na te niepotrzebne te\u017c. Bo jeste\u015bmy zdrowi. I to oczywi\u015bcie nic nowego, ju\u017c Jan Kochanowski pisa\u0142 o zdrowiu, \u017ce \u201enikt si\u0119 nie dowie, jako smakujesz a\u017c si\u0119 zepsujesz\u201d. To w pewnym stopniu naturalne, \u017ce przyzwyczajamy si\u0119 do standardu \u017cycia, kt\u00f3ry mamy.<br \/>\nA przecie\u017c nie jest nam dany na zawsze.<\/p>\n<p>Za chwil\u0119 legalnie wr\u00f3cimy do podr\u00f3\u017cowania, restauracji, pub\u00f3w, kin i jakiej\u015b \u201enormalno\u015bci\u201d. Co\u015b, co by\u0142o dla nas oczywiste jeszcze ponad rok temu, za moment b\u0119dzie obiektem celebracji i rozkoszowania si\u0119, bo nam to zabrano a teraz si\u0119 oddaje.<\/p>\n<p>A jak ju\u017c nasycimy pierwszy g\u0142\u00f3d, znowu nam te knajpy spowszedniej\u0105. Znowu b\u0119d\u0105 oczywiste, znowu w zasi\u0119gu r\u0119ki. Rado\u015b\u0107 i ekscytacja min\u0105. Znowu b\u0119dzie normalnie, czyli nudno.<\/p>\n<p>I mo\u017ce tak musi by\u0107, mo\u017ce po prostu tak jeste\u015bmy zrobieni, mo\u017ce nie mo\u017cna by\u0142o z tej materii nic lepszego wyrze\u017abi\u0107.<\/p>\n<p>Ja tutaj tylko tak zach\u0119cam, \u017ceby czasem popatrze\u0107 na sprawy z odpowiedniej perspektywy. Znaczy z takiej, \u017ce one niekoniecznie nam si\u0119 nale\u017c\u0105.<\/p>\n<p>I, jak ju\u017c b\u0119dziemy za p\u00f3\u0142 roku w jakim\u015b fajnym miejscu w Polsce albo w zagranicy, to przypomnie\u0107 sobie jak bardzo chcieli\u015bmy tego rok wcze\u015bniej.<\/p>\n<p>I \u017cy\u0107 do syta, a nie tam jako\u015b byle jak plastikowo.<\/p>\n<p>&nbsp;<\/p>\n<p>&nbsp;<\/p>\n<h1 class=\"Tre\"><span style=\"font-size: 16px;\"><div class=\"spacer\" style=\"height:30px\"><\/div><\/span><\/h1>\n<div class=\"crunchify-social\"><h5>Udost\u0119pnij<\/h5><a class=\"ikon-share-gs\" href=\"https:\/\/www.facebook.com\/sharer\/sharer.php?u=https%3A%2F%2Fgrupaset.pl%2Fsetkiinspiracji%2Fkultura-jednorazowa%2F\" target=\"_blank\"><i style=\"color:#3b5999; font-size:30px\" class=\"moon-facebook-2\"><\/i><\/a><a class=\"ikon-share-gs\" href=\"https:\/\/twitter.com\/intent\/tweet?text=154.%20Kultura%20jednorazowa&amp;url=https%3A%2F%2Fgrupaset.pl%2Fsetkiinspiracji%2Fkultura-jednorazowa%2F&amp;via=Crunchify\" target=\"_blank\"><i style=\"color:#1dcaff; font-size:30px\" class=\"moon-twitter-2\"><\/i><\/a><a class=\"ikon-share-gs\" href=\"https:\/\/plus.google.com\/share?url=https%3A%2F%2Fgrupaset.pl%2Fsetkiinspiracji%2Fkultura-jednorazowa%2F\" target=\"_blank\"><i style=\"color:#d34836; font-size:30px\" class=\"moon-google-plus-3\"><\/i><\/a><a class=\"ikon-share-gs\" href=\"https:\/\/www.linkedin.com\/shareArticle?mini=true&url=https%3A%2F%2Fgrupaset.pl%2Fsetkiinspiracji%2Fkultura-jednorazowa%2F&amp;title=154.%20Kultura%20jednorazowa\" target=\"_blank\"><i style=\"color:#007bb5; font-size:30px\" class=\"moon-linkedin\"><\/i><\/a><\/div>","protected":false},"excerpt":{"rendered":"<p>Z wiarygodnego \u017ar\u00f3d\u0142a, kt\u00f3rego \u2013 a jak\u017ce \u2013 nie potrafi\u0119 przytoczy\u0107 wiem, \u017ce recycling papieru jest bardziej energoch\u0142onny ni\u017c recycling plastiku. Dlatego mi\u0119dzy bajki mo\u017cna w\u0142o\u017cy\u0107 sobie u\u017cywanie opakowa\u0144 papierowych jako bardziej ekologicznych ni\u017c te plastikowe. Problemem nie jest to, jakich opakowa\u0144 u\u017cywamy, tylko to, \u017ce u\u017cywamy ich jednorazowo. I jednorazowych maszynek do golenia. Ubra\u0144. [&hellip;]<\/p>\n","protected":false},"author":3,"featured_media":53505,"comment_status":"open","ping_status":"open","sticky":false,"template":"","format":"image","meta":{"footnotes":""},"categories":[1,2],"tags":[],"class_list":["post-53503","post","type-post","status-publish","format-image","has-post-thumbnail","hentry","category-aktualnosci","category-blog","post_format-post-format-image"],"_links":{"self":[{"href":"https:\/\/grupaset.pl\/setkiinspiracji\/wp-json\/wp\/v2\/posts\/53503","targetHints":{"allow":["GET"]}}],"collection":[{"href":"https:\/\/grupaset.pl\/setkiinspiracji\/wp-json\/wp\/v2\/posts"}],"about":[{"href":"https:\/\/grupaset.pl\/setkiinspiracji\/wp-json\/wp\/v2\/types\/post"}],"author":[{"embeddable":true,"href":"https:\/\/grupaset.pl\/setkiinspiracji\/wp-json\/wp\/v2\/users\/3"}],"replies":[{"embeddable":true,"href":"https:\/\/grupaset.pl\/setkiinspiracji\/wp-json\/wp\/v2\/comments?post=53503"}],"version-history":[{"count":1,"href":"https:\/\/grupaset.pl\/setkiinspiracji\/wp-json\/wp\/v2\/posts\/53503\/revisions"}],"predecessor-version":[{"id":53504,"href":"https:\/\/grupaset.pl\/setkiinspiracji\/wp-json\/wp\/v2\/posts\/53503\/revisions\/53504"}],"wp:featuredmedia":[{"embeddable":true,"href":"https:\/\/grupaset.pl\/setkiinspiracji\/wp-json\/wp\/v2\/media\/53505"}],"wp:attachment":[{"href":"https:\/\/grupaset.pl\/setkiinspiracji\/wp-json\/wp\/v2\/media?parent=53503"}],"wp:term":[{"taxonomy":"category","embeddable":true,"href":"https:\/\/grupaset.pl\/setkiinspiracji\/wp-json\/wp\/v2\/categories?post=53503"},{"taxonomy":"post_tag","embeddable":true,"href":"https:\/\/grupaset.pl\/setkiinspiracji\/wp-json\/wp\/v2\/tags?post=53503"}],"curies":[{"name":"wp","href":"https:\/\/api.w.org\/{rel}","templated":true}]}}