{"id":53093,"date":"2020-10-07T17:09:56","date_gmt":"2020-10-07T15:09:56","guid":{"rendered":"https:\/\/grupaset.pl\/setkiinspiracji\/?p=53093"},"modified":"2022-10-05T07:26:36","modified_gmt":"2022-10-05T05:26:36","slug":"znow-bylem-mlody-i-niesmiertelny","status":"publish","type":"post","link":"https:\/\/grupaset.pl\/setkiinspiracji\/znow-bylem-mlody-i-niesmiertelny\/","title":{"rendered":"143. Zn\u00f3w by\u0142em m\u0142ody i nie\u015bmiertelny"},"content":{"rendered":"<div class=\"spacer\" style=\"height:20px\"><\/div>\n<p>Zastanawia\u0142em si\u0119, czy o tym pisa\u0107, bo temat ma\u0142o rozwojowy a bardziej osobisty, ale uzna\u0142em, \u017ce na naszym blogu nagromadzili\u015bmy ju\u017c ca\u0142e mn\u00f3stwo tekst\u00f3w rozwojowych, a skoro ta platforma ma s\u0142u\u017cy\u0107 temu, \u017ceby\u015bcie nas lepiej poznali, to prosz\u0119 bardzo \u2013 <strong>poznajcie te\u017c kawa\u0142ek mnie<\/strong>. Zreszt\u0105, chyba nie pierwszy raz.<\/p>\n<p>A mo\u017ce moja kr\u00f3tka, bie\u017c\u0105ca historia kogo\u015b z Was zainspiruje do zrobienia czego\u015b podobnego.<\/p>\n<p>M\u00f3j starszy syn sko\u0144czy\u0142 osiemna\u015bcie lat. I nie \u2013 nie przera\u017ca mnie to, nie u\u015bwiadomi\u0142em sobie, jaki jestem ju\u017c stary, raczej jak dobrze mi z tymi latami, kt\u00f3re mam na karku, ale te\u017c \u2013 przede wszystkim \u2013 jak dobrze by\u0142o przez chwil\u0119 poczu\u0107 si\u0119 osiemnastkiem.<\/p>\n<p>Na sugesti\u0119 Huberta zorganizowali\u015bmy imprez\u0119 \u0142\u0105czon\u0105, w sensie rodzina i przyjaciele na jednej sali. I teraz &#8211; to co si\u0119 wydarzy\u0142o bardzo r\u00f3\u017cni\u0142o si\u0119 od tego, jak sobie wyobra\u017ca\u0142em t\u0119 noc, a zw\u0142aszcza swoj\u0105 rol\u0119.<\/p>\n<p>W za\u0142o\u017ceniach mia\u0142em przechadza\u0107 si\u0119 mi\u0119dzy go\u015b\u0107mi, uprawia\u0107 mi\u0142e pogaw\u0119dki, jawi\u0107 si\u0119 m\u0142odzie\u017cy jako nobliwy, u\u015bmiechni\u0119ty pan tata, kt\u00f3ry jednak nadal nie straci\u0142 pazura i potrafi odpowiedzie\u0107 z refleksem na grubo ciosane \u017carciki napakowanych testosteronem m\u0142odzie\u0144c\u00f3w oraz napi\u0107 si\u0119 w\u00f3dki z emanuj\u0105cymi estragonem m\u0142odymi niewiastami. Estrogenem.<\/p>\n<p>Maj\u0105c na uwadze moje przerzedzaj\u0105ce si\u0119 w\u0142osy (tak, wiem, \u017ce to eufemizm, ja po prostu \u0142ysiej\u0119) oraz ze\u015brubowany kr\u0119gos\u0142up nie planowa\u0142em te\u017c wi\u0119kszych tanecznych wygibas\u00f3w ni\u017c trzymanie ramy z ma\u0142\u017conk\u0105, no ewentualnie kilka efektownych, lecz wci\u0105\u017c eleganckich obrot\u00f3w. Mniej wi\u0119cej po trzech godzinach od rozpocz\u0119cia imprezy skaka\u0142em z kolegami mojego syna w rozpi\u0119tej koszuli bez krawata trzymaj\u0105c si\u0119 za barki. Oraz brali\u015bmy si\u0119 z synkiem za \u0142by i oparci o siebie czo\u0142ami darli\u015bmy si\u0119 s\u0142owami piosenki, \u017ce gdzie\u015b na szczycie g\u00f3ry wszyscy razem spotkamy si\u0119\u2026 Dodam, \u017ce by\u0142em wtedy naprawd\u0119 ca\u0142kiem trze\u017awy.<\/p>\n<p><strong>I by\u0142em te\u017c znowu m\u0142ody i nie\u015bmiertelny.<\/strong><\/p>\n<p>Rano okaza\u0142o si\u0119, \u017ce z t\u0105 m\u0142odo\u015bci\u0105 i nie\u015bmiertelno\u015bci\u0105 to mnie oszukano; bola\u0142o mnie wszystko \u2013 nogi, biodra, barki, gard\u0142o, plecy, wi\u0119c jedyne na co by\u0142o mnie sta\u0107 to le\u017cenie na kanapie i ogl\u0105danie filmu o fokach, takiego z cyklu \u201eczyta\u0142a Krystyna Czub\u00f3wna\u201d. Tymczasem synek wsta\u0142, wzi\u0105\u0142 prysznic, zjad\u0142 \u015bniadanie i by\u0142 gotowy na si\u0142owni\u0119.<\/p>\n<p>Jestem w trakcie lektury nowego Mi\u0142oszewskiego, kt\u00f3ry pisze, \u017ce naukowcom z Holandii \u201euda\u0142o si\u0119 zidentyfikowa\u0107 gen DRD4, kt\u00f3rego mutacja sprawia, i\u017c posiadaj\u0105ce go osoby s\u0105 sk\u0142onne do brawury i szukania wra\u017ce\u0144\u201d. No to ja chyba jestem posiadaczem tego zmutowanego genu. Tak, wiem, \u017ce mam te\u017c w m\u00f3zgu substancj\u0119 szar\u0105, kt\u00f3ra podpowiada mi w okre\u015blonych momentach, \u017ce mo\u017ce nie powinienem, \u017ce to mo\u017ce nie czas na pl\u0105sy podlane testosteronem i adrenalin\u0105, ale przecie\u017c genu sobie nie wyd\u0142ubi\u0119.<\/p>\n<p>I o ile jestem \u015bwiadomy, \u017ce wci\u0105\u017c modne bycie \u201etu i teraz\u201d jest bli\u017csze medytacji i <em>mindfulnessowi, <\/em>\u017ce wystarczy \u015bwiadomie, przy pomocy wszystkich zmys\u0142\u00f3w ch\u0142on\u0105\u0107 bod\u017ace z otaczaj\u0105cego nas \u015bwiata, rozkoszowa\u0107 si\u0119 s\u0142o\u0144cem albo mg\u0142\u0105, dziwi\u0107 si\u0119 d\u017awi\u0119kom, kt\u00f3rych na co dzie\u0144 nie s\u0142yszymy i spokojnie, bez ocen obserwowa\u0107 rzeczywisto\u015b\u0107, o tyle tam, na tej sali do\u015bwiadczy\u0142em tego samego, ale jakby na przeciwleg\u0142ym biegunie. Tam nie by\u0142o spokoju, ale by\u0142o \u201etu i teraz\u201d. Na zawsze zapami\u0119tam wyraz twarzy mojego syna i jego wzrok, kiedy trzymali\u015bmy si\u0119 za g\u0142owy i wrzeszczeli\u015bmy o tej g\u00f3rze. Na chwil\u0119 \u015bwiat si\u0119 zatrzyma\u0142, byli\u015bmy tam tylko on i ja. I nie potrafi\u0119 opisa\u0107, ile by\u0142o w tym \u017cycia, energii, wzruszenia, rado\u015bci i szcz\u0119\u015bcia. I te\u017c tego, \u017ce ilekro\u0107 nachodzi\u0142y mnie w\u0105tpliwo\u015bci, czy jestem dobrym rodzicem, to w tym jednym momencie poczu\u0142em, \u017ce mo\u017ce tak. Tak, jakby te kilkadziesi\u0105t sekund mog\u0142o podsumowa\u0107 budowan\u0105 przez osiemna\u015bcie lat relacj\u0119 ojca z synem. Pewnie nie mog\u0142o, ale chyba po raz pierwszy tak organicznie sta\u0142em si\u0119 cz\u0119\u015bci\u0105 \u015bwiata mojego syna, o kt\u00f3rym dot\u0105d tylko s\u0142ysza\u0142em z jego opowie\u015bci. Bardzo mi si\u0119 ten \u015bwiat spodoba\u0142 i jestem ogromnie wdzi\u0119czny, \u017ce trafi\u0142 na takich przyjaci\u00f3\u0142, kt\u00f3rym mo\u017ce ufa\u0107 i \u2013 co r\u00f3wnie wa\u017cne, kt\u00f3rym ufamy te\u017c moja \u017cona i ja.<\/p>\n<p>Nie chcia\u0142bym by\u0107 osiemnastkiem.<\/p>\n<p>Mam nadziej\u0119, \u017ce wi\u0119kszo\u015b\u0107 b\u0142\u0119d\u00f3w ju\u017c pope\u0142ni\u0142em i bardzo podoba mi si\u0119 moje miejsce i czas na Ziemi. Ale fantastycznie by\u0142o poczu\u0107 si\u0119 znowu m\u0142odym i wskoczy\u0107 do \u015bwiata, kt\u00f3ry wci\u0105\u017c dobrze pami\u0119tam. Nawet mimo koszt\u00f3w, kt\u00f3re musia\u0142em ponie\u015b\u0107 nast\u0119pnego dnia, a o kt\u00f3rych ta ca\u0142a dzisiejsza m\u0142odzie\u017c nie ma poj\u0119cia;)<\/p>\n<p>Wi\u0119c po raz kolejny zach\u0119cam, nawet osoby nieposiadaj\u0105ce genu DRD4.<\/p>\n<p><strong>Zr\u00f3bcie czasem co\u015b z ca\u0142ych si\u0142.<\/strong><\/p>\n<p>Przyjdzie czas na ogl\u0105danie film\u00f3w o fokach, ale kiedy diabe\u0142ek na lewym ramieniu m\u00f3wi: \u201ezr\u00f3b to\u201d, no to.. No musicie sami zdecydowa\u0107. U mnie jest ten k\u0142opot, \u017ce anio\u0142ek na prawym ramieniu w przeciwie\u0144stwie do wielu innych anio\u0142k\u00f3w m\u00f3wi: \u201etak, zr\u00f3b to\u201d, wi\u0119c robi\u0119.<\/p>\n<p><strong>I robi\u0119 z ca\u0142ych si\u0142.<\/strong><\/p>\n<p>Polecam.<\/p>\n<h1 class=\"Tre\"><span style=\"font-size: 16px;\"><div class=\"spacer\" style=\"height:30px\"><\/div><\/span><\/h1>\n<div class=\"crunchify-social\"><h5>Udost\u0119pnij<\/h5><a class=\"ikon-share-gs\" href=\"https:\/\/www.facebook.com\/sharer\/sharer.php?u=https%3A%2F%2Fgrupaset.pl%2Fsetkiinspiracji%2Fznow-bylem-mlody-i-niesmiertelny%2F\" target=\"_blank\"><i style=\"color:#3b5999; font-size:30px\" class=\"moon-facebook-2\"><\/i><\/a><a class=\"ikon-share-gs\" href=\"https:\/\/twitter.com\/intent\/tweet?text=143.%20Zn\u00f3w%20by\u0142em%20m\u0142ody%20i%20nie\u015bmiertelny&amp;url=https%3A%2F%2Fgrupaset.pl%2Fsetkiinspiracji%2Fznow-bylem-mlody-i-niesmiertelny%2F&amp;via=Crunchify\" target=\"_blank\"><i style=\"color:#1dcaff; font-size:30px\" class=\"moon-twitter-2\"><\/i><\/a><a class=\"ikon-share-gs\" href=\"https:\/\/plus.google.com\/share?url=https%3A%2F%2Fgrupaset.pl%2Fsetkiinspiracji%2Fznow-bylem-mlody-i-niesmiertelny%2F\" target=\"_blank\"><i style=\"color:#d34836; font-size:30px\" class=\"moon-google-plus-3\"><\/i><\/a><a class=\"ikon-share-gs\" href=\"https:\/\/www.linkedin.com\/shareArticle?mini=true&url=https%3A%2F%2Fgrupaset.pl%2Fsetkiinspiracji%2Fznow-bylem-mlody-i-niesmiertelny%2F&amp;title=143.%20Zn\u00f3w%20by\u0142em%20m\u0142ody%20i%20nie\u015bmiertelny\" target=\"_blank\"><i style=\"color:#007bb5; font-size:30px\" class=\"moon-linkedin\"><\/i><\/a><\/div>","protected":false},"excerpt":{"rendered":"<p>Zastanawia\u0142em si\u0119, czy o tym pisa\u0107, bo temat ma\u0142o rozwojowy a bardziej osobisty, ale uzna\u0142em, \u017ce na naszym blogu nagromadzili\u015bmy ju\u017c ca\u0142e mn\u00f3stwo tekst\u00f3w rozwojowych, a skoro ta platforma ma s\u0142u\u017cy\u0107 temu, \u017ceby\u015bcie nas lepiej poznali, to prosz\u0119 bardzo \u2013 poznajcie te\u017c kawa\u0142ek mnie. Zreszt\u0105, chyba nie pierwszy raz. A mo\u017ce moja kr\u00f3tka, bie\u017c\u0105ca historia [&hellip;]<\/p>\n","protected":false},"author":3,"featured_media":53095,"comment_status":"closed","ping_status":"open","sticky":false,"template":"","format":"image","meta":{"footnotes":""},"categories":[2],"tags":[],"class_list":["post-53093","post","type-post","status-publish","format-image","has-post-thumbnail","hentry","category-blog","post_format-post-format-image"],"_links":{"self":[{"href":"https:\/\/grupaset.pl\/setkiinspiracji\/wp-json\/wp\/v2\/posts\/53093","targetHints":{"allow":["GET"]}}],"collection":[{"href":"https:\/\/grupaset.pl\/setkiinspiracji\/wp-json\/wp\/v2\/posts"}],"about":[{"href":"https:\/\/grupaset.pl\/setkiinspiracji\/wp-json\/wp\/v2\/types\/post"}],"author":[{"embeddable":true,"href":"https:\/\/grupaset.pl\/setkiinspiracji\/wp-json\/wp\/v2\/users\/3"}],"replies":[{"embeddable":true,"href":"https:\/\/grupaset.pl\/setkiinspiracji\/wp-json\/wp\/v2\/comments?post=53093"}],"version-history":[{"count":2,"href":"https:\/\/grupaset.pl\/setkiinspiracji\/wp-json\/wp\/v2\/posts\/53093\/revisions"}],"predecessor-version":[{"id":53096,"href":"https:\/\/grupaset.pl\/setkiinspiracji\/wp-json\/wp\/v2\/posts\/53093\/revisions\/53096"}],"wp:featuredmedia":[{"embeddable":true,"href":"https:\/\/grupaset.pl\/setkiinspiracji\/wp-json\/wp\/v2\/media\/53095"}],"wp:attachment":[{"href":"https:\/\/grupaset.pl\/setkiinspiracji\/wp-json\/wp\/v2\/media?parent=53093"}],"wp:term":[{"taxonomy":"category","embeddable":true,"href":"https:\/\/grupaset.pl\/setkiinspiracji\/wp-json\/wp\/v2\/categories?post=53093"},{"taxonomy":"post_tag","embeddable":true,"href":"https:\/\/grupaset.pl\/setkiinspiracji\/wp-json\/wp\/v2\/tags?post=53093"}],"curies":[{"name":"wp","href":"https:\/\/api.w.org\/{rel}","templated":true}]}}