{"id":51961,"date":"2019-03-20T10:27:08","date_gmt":"2019-03-20T09:27:08","guid":{"rendered":"https:\/\/grupaset.pl\/setkiinspiracji\/?p=51961"},"modified":"2019-10-09T05:07:40","modified_gmt":"2019-10-09T03:07:40","slug":"wiosenne-porzadki-w-glowie","status":"publish","type":"post","link":"https:\/\/grupaset.pl\/setkiinspiracji\/wiosenne-porzadki-w-glowie\/","title":{"rendered":"111. Wiosenne porz\u0105dki w g\u0142owie."},"content":{"rendered":"<div class=\"spacer\" style=\"height:20px\"><\/div>\n<em><strong>Greta Thunberg.<\/strong><\/em><br \/>\nMam nadziej\u0119, \u017ce znasz to nazwisko, a je\u015bli nie, to pora szybciutko si\u0119 z nim zapozna\u0107. A w\u0142a\u015bciwie z ni\u0105. P\u0142omienne wyst\u0105pienie tej pi\u0119tnastoletniej Szwedki podczas tegorocznego szczytu klimatycznego w Katowicach jest kolejn\u0105, tym razem atrakcyjn\u0105 medialnie pr\u00f3b\u0105 ekologicznego przebudzenia i ratowania naszej planety. Mo\u017cesz obejrze\u0107 je <strong><a href=\"https:\/\/www.youtube.com\/watch?v=a6LFwK_AuU8\"><span style=\"color: #ff6600;\">tutaj<\/span><\/a>.<\/strong><\/p>\n<p>P\u00f3ki co konsekwencje tego wyst\u0105pienia nie wp\u0142ywaj\u0105 wprost na jakiekolwiek zmiany; jak dot\u0105d 15 marca na ca\u0142ym \u015bwiecie na ulice wysz\u0142a wagaruj\u0105ca m\u0142odzie\u017c z transparentami typu: \u201e<em>w\u0119giel jest dobry na sraczk\u0119<\/em>\u201d, pr\u00f3buj\u0105ca zasygnalizowa\u0107 konieczno\u015b\u0107 natychmiastowych zmian w polityce klimatycznej i ograniczenia produkcji mi\u0119sa, plastiku oraz wydobycia paliw kopalnych. No i podobno Greta zosta\u0142a nominowana do pokojowej nagrody Nobla.<\/p>\n<p>Nie wiem, ile to zmieni, ale bardzo si\u0119 ciesz\u0119, \u017ce m\u0142odzi ludzie dostrzegaj\u0105 konieczno\u015b\u0107 zmian i troszcz\u0105 si\u0119 o nasze wsp\u00f3lne dobro bardziej, ni\u017c ich rodzice. Jak na przyk\u0142ad, wstyd przyzna\u0107, m\u00f3j znajomy, kt\u00f3ry obecnie zamierza wymieni\u0107 piec w\u0119glowy na piec w\u0119glowy i ani my\u015bli o ogrzewaniu gazowym, bo co zrobi ze \u015bmieciami.<\/p>\n<p>&nbsp;<\/p>\n<h2><strong>PORZ\u0104DKOWANIE SZAFY<\/strong><\/h2>\n<p>&nbsp;<\/p>\n<p>W ubieg\u0142\u0105 sobot\u0119, korzystaj\u0105c z rzadkiej okazji, kiedy to nie prowadz\u0119 zaj\u0119\u0107 weekendowych i sp\u0119dzam czas z rodzin\u0105, postanowi\u0142em uporz\u0105dkowa\u0107 szaf\u0119 \u2013 pozby\u0107 si\u0119 ubra\u0144, kt\u00f3rych nie nosz\u0119, cz\u0119\u015b\u0107 wyrzuci\u0107, cz\u0119\u015b\u0107 odda\u0107 do Caritasu, wiadomo. Nie robi\u0142em tego od kilku lat, wi\u0119c cz\u0119\u015b\u0107 ciuch\u00f3w mocno si\u0119 przeterminowa\u0142a i wisia\u0142y albo le\u017ca\u0142y w tej szafie przez sentyment albo w celu \u201e<em>na pewno kiedy\u015b to za\u0142o\u017c\u0119<\/em>\u201d.<\/p>\n<p>Samych ubra\u0144 pozbywa\u0142em si\u0119 bez \u017calu; cz\u0119\u015b\u0107 z nich by\u0142a zdecydowanie za du\u017ca (jak si\u0119 z tego cieszy\u0142em!:), cz\u0119\u015b\u0107 zdecydowanie niemodna a niekt\u00f3re koszule, kt\u00f3re celowo rok wcze\u015bniej powiesi\u0142em na wieszaku odwrotnie (to znaczy wieszaki z koszulami, co do kt\u00f3rych mia\u0142em w\u0105tpliwo\u015bci, czy je za\u0142o\u017c\u0119 zahaczy\u0142em jakby od ty\u0142u, \u017ceby sprawdzi\u0107, czy po nie si\u0119gn\u0119 przez kolejny rok \u2013 polecam ten spos\u00f3b) pozosta\u0142y zawieszone tak, jak rok wcze\u015bniej, wi\u0119c \u0142atwiej by\u0142o mi podj\u0105\u0107 decyzj\u0119 o si\u0119 ich pozbyciu mimo, \u017ce by\u0142y ca\u0142kiem w porz\u0105dku. Nie by\u0142o tych ubra\u0144 wcale tak du\u017co, jak si\u0119 spodziewa\u0142em, co te\u017c sprawi\u0142o mi rado\u015b\u0107.<\/p>\n<p>Ale to, co mnie zaskoczy\u0142o, to my\u015bli, kt\u00f3re si\u0119 pojawi\u0142y podczas ca\u0142ej tej operacji. Patrzy\u0142em na, mimo wszystko do\u015b\u0107 poka\u017an\u0105, kupk\u0119 ubra\u0144 le\u017c\u0105cych po cz\u0119\u015bci na \u0142\u00f3\u017cku, po cz\u0119\u015bci na pod\u0142odze i widzia\u0142em te wszystkie impulsowe zakupy na popraw\u0119 humoru. Wszystkie markowe ciuchy z wyprzeda\u017cy, bo przecie\u017c oszcz\u0119dzam 100 z\u0142 kupuj\u0105c teraz t\u0105 koszul\u0119, wi\u0119c warto. A nade wszystko czu\u0142em si\u0119 oszukany, chyba najbardziej przez samego siebie. \u017be uwierzy\u0142em, \u017ce tego wszystkiego potrzebuj\u0119. \u017be teraz to si\u0119 nosi spodnie szerokie. A teraz znowu w\u0105skie. A teraz poprzecierane, z dziurami. A teraz lniane, ciemne. A teraz jasne. Potem nast\u0105pi\u0142o b\u0142yskawiczne liczenie; mniej wi\u0119cej pami\u0119ta\u0142em, ile kosztowa\u0142y jakie\u015b marynarki, bluzy czy swetry. No i jak sobie to wszystko zsumowa\u0142em i zda\u0142em sobie spraw\u0119, na co przeznaczy\u0142em pieni\u0105dze, a wi\u0119c moj\u0105 prac\u0119, energi\u0119, zdolno\u015bci i umiej\u0119tno\u015bci, to zrobi\u0142o mi si\u0119 zwyczajnie przykro.<\/p>\n<p>Zdaj\u0119 sobie spraw\u0119, \u017ce \u017cyj\u0119 w bogatej Europie i jestem uprzywilejowany, pisa\u0142em o tym ostatnio <span style=\"color: #ff6600;\"><strong><a style=\"color: #ff6600;\" href=\"https:\/\/grupaset.pl\/setkiinspiracji\/termin-przydatnosci-marzen\/\" target=\"_blank\" rel=\"noopener\">tutaj.\u00a0<\/a><\/strong><\/span>Ale patrz\u0105c na t\u0105 kupk\u0119 ubra\u0144 i zestawiaj\u0105c to sobie z moj\u0105 rosn\u0105c\u0105 potrzeb\u0105 odci\u0119cia si\u0119 od nadmiernej konsumpcji oraz wiedz\u0105 o tym, czym jest \u015blad wodny i \u015blad w\u0119glowy, kt\u00f3re zostawia za sob\u0105 produkcja czegokolwiek, poczu\u0142em z\u0142o\u015b\u0107 i rozgoryczenie.<br \/>\nNa szcz\u0119\u015bcie ta smutna refleksja mia\u0142a te\u017c swoj\u0105 jasn\u0105 stron\u0119.<\/p>\n<p>&nbsp;<\/p>\n<h2><strong>UWA\u017bNO\u015a\u0106<\/strong><\/h2>\n<p>&nbsp;<\/p>\n<p><strong>Pierwszy<\/strong> mi\u0142y wniosek, kt\u00f3ry mia\u0142em to ten, \u017ce ubra\u0144 sprzed kilku lat by\u0142o zdecydowanie wi\u0119cej ni\u017c tych, kupowanych ostatnio. Te kupowane ostatnio by\u0142y z kolei bardziej przemy\u015blane, wci\u0105\u017c dobrej jako\u015bci (co ju\u017c nie oznacza troch\u0119 za du\u017cych albo troch\u0119 za ma\u0142ych albo troch\u0119 niemodnych hilfiger\u00f3w czy klein\u00f3w, bo z wyprzeda\u017cy) i raczej stonowane a przede wszystkim \u2013 noszone, wi\u0119c potrzebne.<\/p>\n<p><strong>Drugi<\/strong> \u2013 to, \u017ce poczu\u0142em jak\u0105\u015b dziwn\u0105 niezale\u017cno\u015b\u0107. Niby wcze\u015bniej te\u017c decydowa\u0142em o tym, co kupuj\u0119, ale teraz decyduj\u0119 bardziej. Ka\u017cd\u0105 rzecz ogl\u0105dam dzi\u015b po kilka razy i zastanawiam si\u0119, czy chc\u0119 j\u0105 kupi\u0107 i czy jej potrzebuj\u0119 i sprawia mi to rado\u015b\u0107. Jakbym droczy\u0142 si\u0119 z chciwymi producentami tych ubra\u0144 i m\u00f3wi\u0142 im \u2013 na mnie nie zarobicie i tak wybior\u0119 to, co chc\u0119, a nie to, co Wy chcecie \u017cebym wybra\u0142. Tak, wiem, to dziwaczny spos\u00f3b na zaspokajanie niezwykle wa\u017cnej dla mnie warto\u015bci, jak\u0105 jest niezale\u017cno\u015b\u0107, ale w tym przypadku dzia\u0142a. Nie kupuj\u0119 ju\u017c na zasadzie: \u201ea wezm\u0119, sta\u0107 mnie\u201d, bo gdzie\u015b w \u015brodku czuj\u0119, \u017ce ci \u201eoni\u201d w\u0142a\u015bnie na tak\u0105 decyzj\u0119 czekaj\u0105.<\/p>\n<p><strong>Trzeci<\/strong> \u2013 wyostrzam swoj\u0105 uwa\u017cno\u015b\u0107 i ograniczam napompowane wcze\u015bniej potrzeby. Widz\u0119, jak ma\u0142o materialnych rzeczy sprawia mi rado\u015b\u0107 i o ile wi\u0119cej szcz\u0119\u015bcia daj\u0105 mi najzwyklejsze czynno\u015bci, jak jazda na rowerze, gor\u0105ca k\u0105piel czy gotowanie starannie wybranych potraw dla mojej rodziny. A je\u015bli ju\u017c sobie co\u015b kupi\u0119 i jest to zakup przemy\u015blany a nie impulsowy, to wtedy ta rzecz r\u00f3wnie\u017c mnie cieszy. Dzi\u015b mam o po\u0142ow\u0119 mniej rozmaitych przedmiot\u00f3w ni\u017c kiedy\u015b a sprawiaj\u0105 mi dwukrotnie wi\u0119cej rado\u015bci i to nie przez chwil\u0119, ale przez ca\u0142y czas ich posiadania. Lubi\u0119 swoje ubrania, lubi\u0119 sw\u00f3j rower i swojego e-papierosa.<\/p>\n<p>&nbsp;<\/p>\n<h2><strong>ENERGIA<\/strong><\/h2>\n<p>&nbsp;<\/p>\n<p>Z energi\u0105 jest tak, jakbym da\u0142 ster lewo na burt i by\u0142 w trakcie solidnego zwrotu wci\u0105\u017c jeszcze troch\u0119 oci\u0119\u017ca\u0142ym frachtowcem. Nie pozby\u0142em si\u0119 wszystkiego, wci\u0105\u017c kupuj\u0119, nie jestem \u201e<em>zero waste<\/em>\u201d, cho\u0107 bardzo podoba mi si\u0119 ta filozofia. Widz\u0119 jednak tak\u0105 zale\u017cno\u015b\u0107, \u017ce im mniej koncentruj\u0119 si\u0119 na rzeczach niepotrzebnych tym wi\u0119cej energii mam na to, co przynosi mi korzy\u015b\u0107. Wi\u0119cej tworz\u0119 mniej konsumuj\u0119. Cz\u0119\u015bciej pisz\u0119 ni\u017c ogl\u0105dam filmiki na you tube, cz\u0119\u015bciej wymy\u015blam ni\u017c \u201einspiruj\u0119 si\u0119 innymi\u201d (czyli czytam albo ogl\u0105dam w niesko\u0144czono\u015b\u0107 jakie\u015b tre\u015bci, \u017ceby na koniec stwierdzi\u0107, \u017ce chyba tego nie wykorzystam).<\/p>\n<p>Mniej przedmiot\u00f3w mniej troski, <strong>mniej my\u015bli o rzeczach niepotrzebnych uwalnia we mnie wi\u0119cej energii na rzeczy po\u017cyteczne<\/strong>, jak cho\u0107by wrzucenie w tym tek\u015bcie linku do wyst\u0105pienia Grety.<\/p>\n<p>Parafrazuj\u0105c s\u0142owa Grety wiem, \u017ce na m\u00f3j luksus przebierania w nadmiarze ubra\u0144 w sklepach odzie\u017cowych ludzie pracuj\u0105 w nieludzkich warunkach a ich produkcja poch\u0142ania niewyobra\u017caln\u0105 ilo\u015b\u0107 energii i emituje tony gaz\u00f3w cieplarnianych. Nie musz\u0119 i nie chc\u0119 by\u0107 tego cz\u0119\u015bci\u0105, wi\u0119c staram si\u0119 wyhamowa\u0107. To hamowanie sprawia mi rado\u015b\u0107 i uwalnia mn\u00f3stwo energii, kt\u00f3r\u0105 przeznaczam cho\u0107by na napisanie tego tekstu, kt\u00f3ry w duszy gra\u0142 mi od dawna. Zwi\u0119ksza si\u0119 moje poczucie niezale\u017cno\u015bci. I naprawd\u0119 czuj\u0119, \u017ce przy tej szafie odnios\u0142em jakie\u015b niewielkie zwyci\u0119stwo, dzi\u0119ki kt\u00f3remu jestem odrobin\u0119 silniejszy, mam poczucie sprawczo\u015bci i wi\u0119kszej odpowiedzialno\u015bci za swoje wybory i swoje \u017cycie. Nie oddaj\u0119 tych warto\u015bci komukolwiek, kto w wyrafinowany spos\u00f3b pr\u00f3buje je naruszy\u0107.<\/p>\n<p>I tak oto napisa\u0142em manifest ekologiczny zamiast tekstu edukacyjnego. A mo\u017ce nie?<br \/>\nOce\u0144cie sami.<\/p>\n<h4><strong>\u017bycz\u0119 samych \u015bwiadomych, uwalniaj\u0105cych wybor\u00f3w!<\/strong><\/h4>\n<h1 class=\"Tre\"><span style=\"font-size: 16px;\"><div class=\"spacer\" style=\"height:30px\"><\/div><\/span><\/h1>\n<div class=\"crunchify-social\"><h5>Udost\u0119pnij<\/h5><a class=\"ikon-share-gs\" href=\"https:\/\/www.facebook.com\/sharer\/sharer.php?u=https%3A%2F%2Fgrupaset.pl%2Fsetkiinspiracji%2Fwiosenne-porzadki-w-glowie%2F\" target=\"_blank\"><i style=\"color:#3b5999; font-size:30px\" class=\"moon-facebook-2\"><\/i><\/a><a class=\"ikon-share-gs\" href=\"https:\/\/twitter.com\/intent\/tweet?text=111.%20Wiosenne%20porz\u0105dki%20w%20g\u0142owie.&amp;url=https%3A%2F%2Fgrupaset.pl%2Fsetkiinspiracji%2Fwiosenne-porzadki-w-glowie%2F&amp;via=Crunchify\" target=\"_blank\"><i style=\"color:#1dcaff; font-size:30px\" class=\"moon-twitter-2\"><\/i><\/a><a class=\"ikon-share-gs\" href=\"https:\/\/plus.google.com\/share?url=https%3A%2F%2Fgrupaset.pl%2Fsetkiinspiracji%2Fwiosenne-porzadki-w-glowie%2F\" target=\"_blank\"><i style=\"color:#d34836; font-size:30px\" class=\"moon-google-plus-3\"><\/i><\/a><a class=\"ikon-share-gs\" href=\"https:\/\/www.linkedin.com\/shareArticle?mini=true&url=https%3A%2F%2Fgrupaset.pl%2Fsetkiinspiracji%2Fwiosenne-porzadki-w-glowie%2F&amp;title=111.%20Wiosenne%20porz\u0105dki%20w%20g\u0142owie.\" target=\"_blank\"><i style=\"color:#007bb5; font-size:30px\" class=\"moon-linkedin\"><\/i><\/a><\/div>","protected":false},"excerpt":{"rendered":"<p>Greta Thunberg. Mam nadziej\u0119, \u017ce znasz to nazwisko, a je\u015bli nie, to pora szybciutko si\u0119 z nim zapozna\u0107. A w\u0142a\u015bciwie z ni\u0105. P\u0142omienne wyst\u0105pienie tej pi\u0119tnastoletniej Szwedki podczas tegorocznego szczytu klimatycznego w Katowicach jest kolejn\u0105, tym razem atrakcyjn\u0105 medialnie pr\u00f3b\u0105 ekologicznego przebudzenia i ratowania naszej planety. Mo\u017cesz obejrze\u0107 je tutaj. P\u00f3ki co konsekwencje tego wyst\u0105pienia [&hellip;]<\/p>\n","protected":false},"author":3,"featured_media":51971,"comment_status":"open","ping_status":"open","sticky":false,"template":"","format":"image","meta":{"footnotes":""},"categories":[2],"tags":[],"class_list":["post-51961","post","type-post","status-publish","format-image","has-post-thumbnail","hentry","category-blog","post_format-post-format-image"],"_links":{"self":[{"href":"https:\/\/grupaset.pl\/setkiinspiracji\/wp-json\/wp\/v2\/posts\/51961","targetHints":{"allow":["GET"]}}],"collection":[{"href":"https:\/\/grupaset.pl\/setkiinspiracji\/wp-json\/wp\/v2\/posts"}],"about":[{"href":"https:\/\/grupaset.pl\/setkiinspiracji\/wp-json\/wp\/v2\/types\/post"}],"author":[{"embeddable":true,"href":"https:\/\/grupaset.pl\/setkiinspiracji\/wp-json\/wp\/v2\/users\/3"}],"replies":[{"embeddable":true,"href":"https:\/\/grupaset.pl\/setkiinspiracji\/wp-json\/wp\/v2\/comments?post=51961"}],"version-history":[{"count":10,"href":"https:\/\/grupaset.pl\/setkiinspiracji\/wp-json\/wp\/v2\/posts\/51961\/revisions"}],"predecessor-version":[{"id":52330,"href":"https:\/\/grupaset.pl\/setkiinspiracji\/wp-json\/wp\/v2\/posts\/51961\/revisions\/52330"}],"wp:featuredmedia":[{"embeddable":true,"href":"https:\/\/grupaset.pl\/setkiinspiracji\/wp-json\/wp\/v2\/media\/51971"}],"wp:attachment":[{"href":"https:\/\/grupaset.pl\/setkiinspiracji\/wp-json\/wp\/v2\/media?parent=51961"}],"wp:term":[{"taxonomy":"category","embeddable":true,"href":"https:\/\/grupaset.pl\/setkiinspiracji\/wp-json\/wp\/v2\/categories?post=51961"},{"taxonomy":"post_tag","embeddable":true,"href":"https:\/\/grupaset.pl\/setkiinspiracji\/wp-json\/wp\/v2\/tags?post=51961"}],"curies":[{"name":"wp","href":"https:\/\/api.w.org\/{rel}","templated":true}]}}