{"id":51588,"date":"2018-10-03T12:19:48","date_gmt":"2018-10-03T10:19:48","guid":{"rendered":"https:\/\/grupaset.pl\/setkiinspiracji\/?p=51588"},"modified":"2018-11-21T17:54:04","modified_gmt":"2018-11-21T16:54:04","slug":"100-o-jezyku-i-emeryturze","status":"publish","type":"post","link":"https:\/\/grupaset.pl\/setkiinspiracji\/100-o-jezyku-i-emeryturze\/","title":{"rendered":"100. O j\u0119zyku i emeryturze."},"content":{"rendered":"<h2>Czy zdarza Wam si\u0119 my\u015ble\u0107 o przysz\u0142o\u015bci? Trenerskiej przysz\u0142o\u015bci?<\/h2>\n<div class=\"spacer\" style=\"height:20px\"><\/div>\n<p>My\u015bl\u0119 o naszej przysz\u0142o\u015bci w kontek\u015bcie wieku oko\u0142oemerytalnego, bo o wieku w og\u00f3le du\u017co my\u015bl\u0119 zawodowo. Co czeka t\u0119 profesj\u0119? Do czego b\u0119dziemy potrzebni, do czego mo\u017cemy si\u0119 przyda\u0107 jako coraz starsi i starsi szkoleniowcy?<\/p>\n<p>Nie wyginiemy, jak dinozaury. Przynajmniej tak\u0105 mam nadziej\u0119. Czy trener 50+, 60+ jest mniej sexy? <strong>Czy trener w wieku podstarza\u0142ego tatusia lub leciwej mamusi ma szans\u0119 zaoferowa\u0107 niedost\u0119pn\u0105 nigdzie indziej wiedz\u0119 i umiej\u0119tno\u015bci?<\/strong> I czy ta niedost\u0119pna nigdzie indziej wiedza i umiej\u0119tno\u015bci mog\u0105 by\u0107 r\u00f3wnie\u017c potrzebne?<\/p>\n<div class=\"spacer\" style=\"height:20px\"><\/div>\n<p>Pod koniec 2017 roku PWN rozstrzygn\u0105\u0142 plebiscyt na najbardziej popularne m\u0142odzie\u017cowe s\u0142owo roku. Wiecie, jakie s\u0142owo zwyci\u0119\u017cy\u0142o w minionym roku?<\/p>\n<h1>XD<\/h1>\n<p>Oczywi\u015bcie pojawi\u0142o si\u0119 wiele g\u0142os\u00f3w, \u017ce to wyssane z palca, \u017ce takiego s\u0142owa nie ma, a je\u015bli nawet jest, to funkcjonuje absolutnie na marginesie j\u0119zyka. M\u00f3wili to ludzie, kt\u00f3rzy na co dzie\u0144 nie maj\u0105 kontaktu z pokoleniem nastolatk\u00f3w. Kto\u015b, kto ma przyjemno\u015b\u0107 posiada\u0107 nastolatka w domu, obcowa\u0107 z nim i jego przyjaci\u00f3\u0142mi nie by\u0142 zaskoczony tym wynikiem. W takim przypadku nie by\u0142o tu zaskoczenia.<\/p>\n<p><strong>Sk\u0105d si\u0119 wzi\u0119\u0142o XD i jak powsta\u0142o?<\/strong> Kiedy\u015b s\u0142owa mog\u0142y powstawa\u0107 na zasadzie d\u017awi\u0119kona\u015bladowczo\u015bci \u2013 jak dzy\u0144 czy brumm. Teraz coraz wi\u0119cej s\u0142\u00f3w (w tym r\u00f3wnie\u017c XD) powstaje na zasadzie emotikonona\u015bladowczo\u015bci\u00a0\ud83d\ude09<\/p>\n<h3>XD to nic innego jak emotka przeniesiona na grunt j\u0119zyka. Co oznacza? To samo, co emotka \u2013 ca\u0142\u0105 grup\u0119 znacze\u0144 w stylu \u201eale fajne\u201d, \u201eciesz\u0119 si\u0119\u201d, \u201esuper\u201d, \u201ejestem zadowolony\u201d.<\/h3>\n<div class=\"spacer\" style=\"height:20px\"><\/div>\n<p>I ten emotkowy \u017ar\u00f3d\u0142os\u0142\u00f3w jest niepokoj\u0105co symptomatyczny.<\/p>\n<p>Nasz j\u0119zyk, j\u0119zyk stosowany przez coraz m\u0142odsze pokolenia zmienia si\u0119. Nie m\u00f3wimy o emocjach tylko o emotkach.<\/p>\n<div class=\"spacer\" style=\"height:20px\"><\/div>\n<p>Mam te\u017c wra\u017cenie, \u017ce kolejne nowe s\u0142owa nie powstaj\u0105 po to, by nada\u0107 imi\u0119 nowym rzeczom lub zjawiskom. Dzisiaj bowiem coraz mniej rzeczy potrzebuje by\u0107 nazwanym. Dawno min\u0119\u0142y te czasy, o kt\u00f3rych pisa\u0142 Gabriel Garcia Marquez w \u201eSto lat samotno\u015bci\u201d.<a name=\"_ftnref1\"><\/a>[1]\n<p>Dzi\u015b nowe s\u0142owa zast\u0119puj\u0105 ca\u0142e grupy s\u0142\u00f3w czy wyra\u017ce\u0144, eliminuj\u0105c te s\u0142owa czy wyra\u017cenia z u\u017cywanego j\u0119zyka.<\/p>\n<p>Przyk\u0142ad? Prosz\u0119 bardzo: \u201eogarnia\u0107\u201d. S\u0142owo \u201eogarnia\u0107\u201d zast\u0119puje tak wiele czasownik\u00f3w, \u017ce nie spos\u00f3b ich wszystkich wymieni\u0107. Ka\u017cdy mo\u017ce wskaza\u0107 co najmniej pi\u0119\u0107. Co ciekawe, rodzina wyraz\u00f3w z rdzeniem \u201eogar\u201d by\u0142a tu\u017c pod podium w plebiscycie PWN.<\/p>\n<div class=\"spacer\" style=\"height:20px\"><\/div>\n<h2>Ta refleksja sprowadzi\u0142a do mojej g\u0142owy pytanie o nasz\u0105 przysz\u0142o\u015b\u0107, o przysz\u0142o\u015b\u0107 trenera.<\/h2>\n<p>Wychodz\u0105c od zmian w obszarze j\u0119zyka, przegl\u0105daj\u0105c zmiany w sposobie komunikowania si\u0119 i funkcjonowania w otoczeniu spo\u0142ecznym kolejnych m\u0142odych ludzi, dochodz\u0119 do tematyki najbardziej mnie interesuj\u0105cej \u2013 <strong>dialogu mi\u0119dzypokoleniowego.<\/strong><\/p>\n<p>&nbsp;<\/p>\n<p>Na pewno widz\u0119 jedn\u0105 \u015bcie\u017ck\u0119 (nie jedyn\u0105!) ratunku. Trenerzy mog\u0105 by\u0107 jak s\u0142ynna sekcja Archeo<a name=\"_ftnref2\"><\/a>[2]. B\u0119dziemy odkopywa\u0107 i przybli\u017ca\u0107 \u015bwiat miniony. B\u0119dziemy opowiada\u0107, jak to drzewiej bywa\u0142o. B\u0119dziemy opowiada\u0107 i uczy\u0107 umiej\u0119tno\u015bci starych, niemal wymar\u0142ych (jak snycerstwo czy rusznikarstwo). I o czym w dobie j\u0119zyka spod znaku XD mo\u017cemy opowiada\u0107 jako trenerzy z siw\u0105 g\u0142ow\u0105? O komunikacji werbalnej sk\u0142adaj\u0105cej si\u0119 ze zda\u0144 podrz\u0119dnie z\u0142o\u017conych. O u\u017cywaniu s\u0142\u00f3w czterosylabowych i d\u0142u\u017cszych. O nazywaniu czynno\u015bci, uczu\u0107 i emocji s\u0142owami, kt\u00f3re nie maj\u0105 swojej emotki na smartfonie.<\/p>\n<div class=\"spacer\" style=\"height:20px\"><\/div>\n<p>Oczywi\u015bcie inn\u0105 opcj\u0105, zawsze dobr\u0105, jest wygodny le\u017cak na Jamajce.<\/p>\n<p>Albo zestaw 1000 krzy\u017c\u00f3wek panoramicznych.<\/p>\n<div class=\"spacer\" style=\"height:20px\"><\/div>\n<p>Inne pomys\u0142y ch\u0119tnie przyjm\u0119.<\/p>\n<div class=\"spacer\" style=\"height:30px\"><\/div>\n<p><a name=\"_ftn1\"><\/a>[1]\u201eMacondo by\u0142o w\u00f3wczas niewielk\u0105 osad\u0105 \u2013 dwadzie\u015bcia chat z trzciny oblepionej glin\u0105, zbudowanych na brzegu rzeki, kt\u00f3rej przezroczyste wody bystro toczy\u0142y si\u0119 po g\u0142adkich bia\u0142ych kamieniach koryta, wielkich jak jaja prehistorycznych ptak\u00f3w. \u015awiat by\u0142 jeszcze tak m\u0142ody, \u017ce wiele rzeczy nie mia\u0142o nazwy i m\u00f3wi\u0105c o nich trzeba by\u0142o wskazywa\u0107 palcem. \u201d \u2013 Gabriel Garcia Marquez \u201eSto lat samotno\u015bci\u201d<\/p>\n<p><a name=\"_ftn2\"><\/a>[2]Polecam film \u201eSeksmisja\u201d Juliusza Machulskiego<\/p>\n<p>&nbsp;<\/p>\n<div class=\"spacer\" style=\"height:30px\"><\/div>\n<div class=\"heading-wrapper\"><h6><span class=\"heading-line-left\"><\/span><strong>O Autorze: Katarzyna Bieniek<\/strong><span class=\"heading-line-right\"><\/span><\/h6><\/div>\nZwierz\u0119 stadne. Jest trenerem, konsultantem biznesu. Jej praca to codzienne spotkania z nowymi lud\u017ami. Lubi poznawa\u0107 ludzi i lubi z nimi odkrywa\u0107 \u2013 tak rozumie sens swojej pracy. W \u017cyciu ceni sobie poczucie humoru i dystans do siebie, bo te cechy prostuj\u0105 wiele dr\u00f3g. Wci\u0105\u017c za ma\u0142o wie i wci\u0105\u017c za ma\u0142o widzia\u0142a \u2013 ka\u017cdego dnia nadrabia te zaleg\u0142o\u015bci. Po godzinach fanatyczka kina i dobrej kawy &#8211; koniecznie w pi\u0119knej fili\u017cance&#8230;<br \/>\n<div class=\"spacer\" style=\"height:30px\"><\/div>\n<div class=\"crunchify-social\"><h5>Udost\u0119pnij<\/h5><a class=\"ikon-share-gs\" href=\"https:\/\/www.facebook.com\/sharer\/sharer.php?u=https%3A%2F%2Fgrupaset.pl%2Fsetkiinspiracji%2F100-o-jezyku-i-emeryturze%2F\" target=\"_blank\"><i style=\"color:#3b5999; font-size:30px\" class=\"moon-facebook-2\"><\/i><\/a><a class=\"ikon-share-gs\" href=\"https:\/\/twitter.com\/intent\/tweet?text=100.%20O%20j\u0119zyku%20i%20emeryturze.&amp;url=https%3A%2F%2Fgrupaset.pl%2Fsetkiinspiracji%2F100-o-jezyku-i-emeryturze%2F&amp;via=Crunchify\" target=\"_blank\"><i style=\"color:#1dcaff; font-size:30px\" class=\"moon-twitter-2\"><\/i><\/a><a class=\"ikon-share-gs\" href=\"https:\/\/plus.google.com\/share?url=https%3A%2F%2Fgrupaset.pl%2Fsetkiinspiracji%2F100-o-jezyku-i-emeryturze%2F\" target=\"_blank\"><i style=\"color:#d34836; font-size:30px\" class=\"moon-google-plus-3\"><\/i><\/a><a class=\"ikon-share-gs\" href=\"https:\/\/www.linkedin.com\/shareArticle?mini=true&url=https%3A%2F%2Fgrupaset.pl%2Fsetkiinspiracji%2F100-o-jezyku-i-emeryturze%2F&amp;title=100.%20O%20j\u0119zyku%20i%20emeryturze.\" target=\"_blank\"><i style=\"color:#007bb5; font-size:30px\" class=\"moon-linkedin\"><\/i><\/a><\/div>","protected":false},"excerpt":{"rendered":"<p>Czy zdarza Wam si\u0119 my\u015ble\u0107 o przysz\u0142o\u015bci? Trenerskiej przysz\u0142o\u015bci? My\u015bl\u0119 o naszej przysz\u0142o\u015bci w kontek\u015bcie wieku oko\u0142oemerytalnego, bo o wieku w og\u00f3le du\u017co my\u015bl\u0119 zawodowo. Co czeka t\u0119 profesj\u0119? Do czego b\u0119dziemy potrzebni, do czego mo\u017cemy si\u0119 przyda\u0107 jako coraz starsi i starsi szkoleniowcy? Nie wyginiemy, jak dinozaury. Przynajmniej tak\u0105 mam nadziej\u0119. Czy trener 50+, [&hellip;]<\/p>\n","protected":false},"author":80,"featured_media":51590,"comment_status":"open","ping_status":"open","sticky":false,"template":"","format":"image","meta":{"footnotes":""},"categories":[2,46],"tags":[],"class_list":["post-51588","post","type-post","status-publish","format-image","has-post-thumbnail","hentry","category-blog","category-rozwoj","post_format-post-format-image"],"_links":{"self":[{"href":"https:\/\/grupaset.pl\/setkiinspiracji\/wp-json\/wp\/v2\/posts\/51588","targetHints":{"allow":["GET"]}}],"collection":[{"href":"https:\/\/grupaset.pl\/setkiinspiracji\/wp-json\/wp\/v2\/posts"}],"about":[{"href":"https:\/\/grupaset.pl\/setkiinspiracji\/wp-json\/wp\/v2\/types\/post"}],"author":[{"embeddable":true,"href":"https:\/\/grupaset.pl\/setkiinspiracji\/wp-json\/wp\/v2\/users\/80"}],"replies":[{"embeddable":true,"href":"https:\/\/grupaset.pl\/setkiinspiracji\/wp-json\/wp\/v2\/comments?post=51588"}],"version-history":[{"count":4,"href":"https:\/\/grupaset.pl\/setkiinspiracji\/wp-json\/wp\/v2\/posts\/51588\/revisions"}],"predecessor-version":[{"id":51697,"href":"https:\/\/grupaset.pl\/setkiinspiracji\/wp-json\/wp\/v2\/posts\/51588\/revisions\/51697"}],"wp:featuredmedia":[{"embeddable":true,"href":"https:\/\/grupaset.pl\/setkiinspiracji\/wp-json\/wp\/v2\/media\/51590"}],"wp:attachment":[{"href":"https:\/\/grupaset.pl\/setkiinspiracji\/wp-json\/wp\/v2\/media?parent=51588"}],"wp:term":[{"taxonomy":"category","embeddable":true,"href":"https:\/\/grupaset.pl\/setkiinspiracji\/wp-json\/wp\/v2\/categories?post=51588"},{"taxonomy":"post_tag","embeddable":true,"href":"https:\/\/grupaset.pl\/setkiinspiracji\/wp-json\/wp\/v2\/tags?post=51588"}],"curies":[{"name":"wp","href":"https:\/\/api.w.org\/{rel}","templated":true}]}}