{"id":49878,"date":"2017-11-24T10:25:33","date_gmt":"2017-11-24T09:25:33","guid":{"rendered":"https:\/\/grupaset.pl\/setkiinspiracji\/?p=49878"},"modified":"2018-05-06T23:29:00","modified_gmt":"2018-05-06T21:29:00","slug":"jestem-wypalona","status":"publish","type":"post","link":"https:\/\/grupaset.pl\/setkiinspiracji\/jestem-wypalona\/","title":{"rendered":"78. Jestem wypalona!"},"content":{"rendered":"<p>Ostatni czas w moim \u017cyciu to hotele, szkolenia, konsultacje i sesje coachingowe. Du\u017co pracy<br \/>\ni cz\u0119ste wyjazdy kt\u00f3re wi\u0105\u017c\u0105 si\u0119 z roz\u0142\u0105k\u0105, t\u0119sknot\u0105, zm\u0119czeniem i wieloma innymi niewygodami.<\/p>\n<p>To ciemna strona podj\u0119cia decyzji o byciu trenerem. Ci, kt\u00f3rzy znaj\u0105 moj\u0105 histori\u0119 zawodow\u0105 m\u00f3wi\u0105: \u201euwa\u017caj co by\u015b si\u0119 nie wypali\u0142a\u201d.<\/p>\n<p><strong>Czy na pewno napisa\u0142am <em>\u201ewypali\u0142a\u201d<\/em>?<\/strong><\/p>\n<p>Tak, w\u0142a\u015bnie tego s\u0142owa u\u017cy\u0142am. Zjawisko wypalenia zawodowego nie jest mi obce, prze\u017cy\u0142am je i dziel\u0119 si\u0119 tym do\u015bwiadczeniem z innymi na warsztatach, spotkaniach i teraz z Wami. By\u0142o to straszne do\u015bwiadczenie.<br \/>\nKilka lat temu, kiedy pracowa\u0142am w jednej z instytucji finansowych przesz\u0142am wypalenie zawodowe. By\u0142o ono spowodowane stresem, konfliktem warto\u015bci i brakiem <em>work life balance<\/em>. Nie s\u0105 to jedyne czynniki kt\u00f3re mog\u0105 by\u0107 powodem wypalenia zawodowego, jednak STRES jest jego podstaw\u0105.<\/p>\n<p><strong>Co to takiego to wypalenie zawodowe?<\/strong><\/p>\n<p>Okre\u015blenie \u201ewypalenie zawodowe\u201d zamieszka\u0142o w s\u0142owniku wsp\u00f3\u0142czesnej psychologii w 1974 roku, za spraw\u0105 ksi\u0105\u017cki ameryka\u0144skiego psychologa Herberta Freudenbergera Burnout: The Hight Cost of High Achivement. Jest okre\u015blane jako zesp\u00f3\u0142 objaw\u00f3w powstaj\u0105cych w wyniku przeci\u0105\u017cenia emocjonalnego, na kt\u00f3re nara\u017cone s\u0105 osoby w szczeg\u00f3lno\u015bci pracuj\u0105ce w zawodach wymagaj\u0105cych intensywnych kontakt\u00f3w interpersonalnych.<br \/>\nNa pocz\u0105tku nie mog\u0142am uwierzy\u0107, \u017ce choroba to mo\u017ce mnie dotkn\u0105\u0107, przecie\u017c jestem za m\u0142oda, za kr\u00f3tko pracuj\u0119\u2026<\/p>\n<p>Niestety, tu nara\u017ceni jeste\u015bmy wszyscy, a nawet powiem, \u017ce wi\u0119ksz\u0105 szans\u0119 na zachorowanie maj\u0105 osoby m\u0142odsze, w wieku 30-40 lat i wbrew pozorom z kr\u00f3tszym sta\u017cem zawodowym.<\/p>\n<p><strong>Jak rozpozna\u0107 syndrom wypalenia zawodowego?<\/strong><\/p>\n<p>Objaw\u00f3w jest wiele podam Wam kilka z nich:<br \/>\n&#8211; ci\u0105g\u0142e zm\u0119czenie,<br \/>\n&#8211; bezsenno\u015b\u0107 lub nadmierna ilo\u015b\u0107 snu,<br \/>\n&#8211; utrata wagi i zaburzenia apetytu,<br \/>\n&#8211; obni\u017cenia potrzeb seksualnych,<br \/>\n&#8211; nadu\u017cywanie alkoholu, lek\u00f3w, palenie tytoniu,<br \/>\n&#8211; cz\u0119ste choroby bez rozpoznawalnych przyczyn,<br \/>\n&#8211; trudno\u015bci w relaksowaniu si\u0119,<br \/>\n&#8211; brak ch\u0119ci sp\u0119dzania czasu z rodzin\u0105 i przyjaci\u00f3\u0142mi,<br \/>\n&#8211; szybkie wpadanie w z\u0142o\u015b\u0107 i irytacj\u0119,<br \/>\n&#8211; sp\u0119dzanie wi\u0119kszej ilo\u015bci czasu poza domem,<br \/>\n&#8211; op\u00f3r przed wsp\u00f3lnym wypoczynkiem,<br \/>\n&#8211; nadmierne ogl\u0105danie telewizji jako spos\u00f3b ucieczki od problem\u00f3w,<br \/>\n&#8211; utrata zapa\u0142u,<br \/>\n&#8211; poczucie \u017ce wci\u0105\u017c brakuje na co\u015b czasu,<br \/>\n&#8211; obawy i op\u00f3r przed codziennym wyj\u015bciem do pracy,<br \/>\n&#8211; rosn\u0105ce poczucie niekompetencji,<br \/>\n&#8211; narastaj\u0105ce niezadowolenie z pracy.<br \/>\nWymieniaj\u0105c te objawy zastanawia\u0142am si\u0119 nad tymi, kt\u00f3re mi towarzysz\u0105 w tym momencie, czy to oznacza ze jestem po raz kolejny wypalona?<\/p>\n<p>Nie, nie jestem wypalona; aby mo\u017cna by\u0142o m\u00f3wi\u0107 o wypaleniu objawy te musz\u0105 wyst\u0119powa\u0107 w d\u0142ugim okresie, od 8 miesi\u0119cy wzwy\u017c. W moim przypadku po prostu jest to okres du\u017cego nat\u0119\u017cenia pracy, kt\u00f3ra za chwil\u0119 si\u0119 sko\u0144czy i b\u0119dzie czas na odpoczynek.<br \/>\nCi\u0119\u017cko jest u siebie zauwa\u017cy\u0107 symptomy wypalenia, cz\u0119sto nie zdajemy sobie z nich sprawy. Diagnoza i leczenie jest d\u0142ugie i problematyczne a konsekwencje mog\u0105 by\u0107 nawet \u015bmiertelne.<br \/>\nDlatego warto zapobiega\u0107.<\/p>\n<p><strong>Jak zapobiec wypaleniu?<\/strong><\/p>\n<p>Wszystko zale\u017cy od poziomu naszej samo\u015bwiadomo\u015bci \u2013 na ile jeste\u015bmy w stanie nauczy\u0107 si\u0119 rozpoznawa\u0107 swoje potrzeby, stawia\u0107 realne cele, umiej\u0119tnie kierowa\u0107 sob\u0105 i organizowa\u0107 swoje \u017cycie. Obserwowanie i ws\u0142uchanie si\u0119 w siebie, dbanie o relacje interpersonalne, rozwijanie zainteresowa\u0144\u00a0i wypracowanie w\u0142asnej metody wyciszania si\u0119 to tylko niekt\u00f3re ze sposob\u00f3w unikni\u0119cia wypalenia zawodowego, kt\u00f3re ka\u017cdy z nas powinien wypracowa\u0107 indywidualnie.<br \/>\nMichele Haney w ksi\u0105\u017cce \u201eTw\u00f3j stres\u201d podaje 6 podstawowych element\u00f3w istotnych<br \/>\nw radzeniu sobie ze stresem:<\/p>\n<ol>\n<li>Pozytywne nastawienie \u2013 najwa\u017cniejsze znaczenie dla skutecznego radzenia sobie ze stresem ma nasz umys\u0142 i to, jakie mamy przekonania.<\/li>\n<div class=\"spacer\" style=\"height:5px\"><\/div>\n<li>Relaksacja i oddychanie \u2013 relaksacja po\u0142\u0105czona z rytmicznym oddychaniem szybko uspokaja i od\u015bwie\u017ca.<\/li>\n<div class=\"spacer\" style=\"height:5px\"><\/div>\n<li>Zdrowe nawyki \u017cywieniowe.<\/li>\n<div class=\"spacer\" style=\"height:5px\"><\/div>\n<li>Aktywno\u015b\u0107 fizyczna \u2013 znalezienie dla siebie odpowiednich form aktywno\u015bci fizycznej<br \/>\ni systematyczne ich podejmowanie.<\/li>\n<div class=\"spacer\" style=\"height:5px\"><\/div>\n<li>Gospodarowanie czasem.<\/li>\n<div class=\"spacer\" style=\"height:5px\"><\/div>\n<li>Asertywno\u015b\u0107<strong>.<\/strong><\/li>\n<\/ol>\n<div class=\"spacer\" style=\"height:20px\"><\/div>Dbajcie o\u00a0siebie w\u00a0pracy i\u00a0poza prac\u0105, nie uzale\u017cniajcie samopoczucia od pochwa\u0142 szefa, klienta czy uczestnika szkolenia. Je\u017celi ich nie ma to uzupe\u0142niajcie je sobie sami, poprzez chwalenie si\u0119 np. przed sob\u0105 samym lub przed innymi. Nauczcie si\u0119 docenia\u0107 samych siebie.<\/p>\n<p><strong>Mo\u017cna wype\u0142ni\u0107 test diagnostyczny, kliknij <span style=\"color: #ff6600;\"><a style=\"color: #ff6600;\" href=\"https:\/\/www.pracowniatestow.com\/testy\/fill-out,wypalenie-zawodowe-19.html\">TUTAJ<\/a><\/span>.<\/strong><br \/>\n<div class=\"spacer\" style=\"height:30px\"><\/div>\n<div class=\"heading-wrapper\"><h6><span class=\"heading-line-left\"><\/span><strong>O Autorze: Katarzyna\u00a0Krupi\u0144ska-Obel<\/strong><span class=\"heading-line-right\"><\/span><\/h6><\/div>\nTrener, Konsultant, Coach w trakcie akredytacji na poziomie PCC. Cz\u0142onek ICF Mazowsze, Absolwentka Szko\u0142y Trener\u00f3w i Coach\u00f3w Akademii SET. Z pasji \u0142\u0105czy trenerstwo i coaching prowadz\u0105c warsztaty i szkolenia z zakresu rozwoju kompetencji trenerskich, coachingowych oraz menad\u017cerskich. Prowadzi Warsztaty rozwoju osobistego oraz coaching grupowy i zespo\u0142owy. Zwolenniczka nauki przez zabaw\u0119, do\u015bwiadczanie i metafor\u0119. Specjalistka od budowania efektywnego zespo\u0142u. Na Sali sp\u0119dzi\u0142a ponad 3000 godzin. Jest Mentorem Klubu Trenera i Coacha Akademii SET\u00ae. Prywatnie mama tr\u00f3jki urwis\u00f3w, mi\u0142o\u015bniczka wy\u015bcig\u00f3w MTB i w\u0119dr\u00f3wek po g\u00f3rach.<br \/>\n<div class=\"spacer\" style=\"height:30px\"><\/div>\n<div class=\"crunchify-social\"><h5>Udost\u0119pnij<\/h5><a class=\"ikon-share-gs\" href=\"https:\/\/www.facebook.com\/sharer\/sharer.php?u=https%3A%2F%2Fgrupaset.pl%2Fsetkiinspiracji%2Fjestem-wypalona%2F\" target=\"_blank\"><i style=\"color:#3b5999; font-size:30px\" class=\"moon-facebook-2\"><\/i><\/a><a class=\"ikon-share-gs\" href=\"https:\/\/twitter.com\/intent\/tweet?text=78.%20Jestem%20wypalona!&amp;url=https%3A%2F%2Fgrupaset.pl%2Fsetkiinspiracji%2Fjestem-wypalona%2F&amp;via=Crunchify\" target=\"_blank\"><i style=\"color:#1dcaff; font-size:30px\" class=\"moon-twitter-2\"><\/i><\/a><a class=\"ikon-share-gs\" href=\"https:\/\/plus.google.com\/share?url=https%3A%2F%2Fgrupaset.pl%2Fsetkiinspiracji%2Fjestem-wypalona%2F\" target=\"_blank\"><i style=\"color:#d34836; font-size:30px\" class=\"moon-google-plus-3\"><\/i><\/a><a class=\"ikon-share-gs\" href=\"https:\/\/www.linkedin.com\/shareArticle?mini=true&url=https%3A%2F%2Fgrupaset.pl%2Fsetkiinspiracji%2Fjestem-wypalona%2F&amp;title=78.%20Jestem%20wypalona!\" target=\"_blank\"><i style=\"color:#007bb5; font-size:30px\" class=\"moon-linkedin\"><\/i><\/a><\/div>","protected":false},"excerpt":{"rendered":"<p>Ostatni czas w moim \u017cyciu to hotele, szkolenia, konsultacje i sesje coachingowe. Du\u017co pracy i cz\u0119ste wyjazdy kt\u00f3re wi\u0105\u017c\u0105 si\u0119 z roz\u0142\u0105k\u0105, t\u0119sknot\u0105, zm\u0119czeniem i wieloma innymi niewygodami. To ciemna strona podj\u0119cia decyzji o byciu trenerem. Ci, kt\u00f3rzy znaj\u0105 moj\u0105 histori\u0119 zawodow\u0105 m\u00f3wi\u0105: \u201euwa\u017caj co by\u015b si\u0119 nie wypali\u0142a\u201d. Czy na pewno napisa\u0142am \u201ewypali\u0142a\u201d? Tak, [&hellip;]<\/p>\n","protected":false},"author":80,"featured_media":49886,"comment_status":"open","ping_status":"open","sticky":false,"template":"","format":"image","meta":{"footnotes":""},"categories":[2,56,57],"tags":[],"class_list":["post-49878","post","type-post","status-publish","format-image","has-post-thumbnail","hentry","category-blog","category-niezbednik_coacha","category-niezbednik_trenera","post_format-post-format-image"],"_links":{"self":[{"href":"https:\/\/grupaset.pl\/setkiinspiracji\/wp-json\/wp\/v2\/posts\/49878","targetHints":{"allow":["GET"]}}],"collection":[{"href":"https:\/\/grupaset.pl\/setkiinspiracji\/wp-json\/wp\/v2\/posts"}],"about":[{"href":"https:\/\/grupaset.pl\/setkiinspiracji\/wp-json\/wp\/v2\/types\/post"}],"author":[{"embeddable":true,"href":"https:\/\/grupaset.pl\/setkiinspiracji\/wp-json\/wp\/v2\/users\/80"}],"replies":[{"embeddable":true,"href":"https:\/\/grupaset.pl\/setkiinspiracji\/wp-json\/wp\/v2\/comments?post=49878"}],"version-history":[{"count":10,"href":"https:\/\/grupaset.pl\/setkiinspiracji\/wp-json\/wp\/v2\/posts\/49878\/revisions"}],"predecessor-version":[{"id":50425,"href":"https:\/\/grupaset.pl\/setkiinspiracji\/wp-json\/wp\/v2\/posts\/49878\/revisions\/50425"}],"wp:featuredmedia":[{"embeddable":true,"href":"https:\/\/grupaset.pl\/setkiinspiracji\/wp-json\/wp\/v2\/media\/49886"}],"wp:attachment":[{"href":"https:\/\/grupaset.pl\/setkiinspiracji\/wp-json\/wp\/v2\/media?parent=49878"}],"wp:term":[{"taxonomy":"category","embeddable":true,"href":"https:\/\/grupaset.pl\/setkiinspiracji\/wp-json\/wp\/v2\/categories?post=49878"},{"taxonomy":"post_tag","embeddable":true,"href":"https:\/\/grupaset.pl\/setkiinspiracji\/wp-json\/wp\/v2\/tags?post=49878"}],"curies":[{"name":"wp","href":"https:\/\/api.w.org\/{rel}","templated":true}]}}