{"id":31,"date":"2013-06-19T11:30:55","date_gmt":"2013-06-19T09:30:55","guid":{"rendered":"http:\/\/www.grupaset.pl\/blog\/?p=31"},"modified":"2018-03-07T23:37:25","modified_gmt":"2018-03-07T22:37:25","slug":"jaka-jestes-marka","status":"publish","type":"post","link":"https:\/\/grupaset.pl\/setkiinspiracji\/jaka-jestes-marka\/","title":{"rendered":"4. Jak\u0105 jeste\u015b MARK\u0104?"},"content":{"rendered":"<p>We\u017amy na przyk\u0142ad tzw. ELEVATOR PITCH . Spotykasz w windzie kogo\u015b, kto chcia\u0142by dowiedzie\u0107 si\u0119 czego o Tobie. Masz na to 30 <!--more-->sekund. No, mo\u017ce czasem ciut\u00a0 wi\u0119cej. Rozmowa mo\u017ce dotyczy\u0107 zar\u00f3wno ciebie, jak i twojej pracy, czy tego, co masz do zaoferowania. Co powiesz?<\/p>\n<p>Ka\u017cdy z nas jest mark\u0105. Czy jeste\u015bmy tego \u015bwiadomi, czy nie. Lepiej, by\u015bmy byli \u015bwiadomi \u2013 tego, kim jeste\u015bmy, co sob\u0105 reprezentujemy i jak postrzegaj\u0105 nas inni.<\/p>\n<p>I tu zaczyna si\u0119 budowanie w\u0142asnego wizerunku. Wyja\u015bnijmy sobie jedno: \u00a0nie m\u00f3wi\u0119 tutaj o wk\u0142adaniu masek na pokaz, udawaniu, \u017ce jestem tym, kim nie jestem, sztucznym liftingu siebie na potrzeby&#8230;w\u0142a\u015bnie, na czyje potrzeby? Czy aby na pewno nasze?<\/p>\n<p>Jestem ZA \u015bwiadomym budowaniem swojego wizerunku, ale wizerunku autentycznego. \u015awiadomie mo\u017cna budowa\u0107 tylko wtedy, gdy jest si\u0119 \u015bwiadomym siebie, swoich mocnych i s\u0142abych stron. Ka\u017cdy z nas ma swoje mocne strony. S\u0105 nasz\u0105 lokomotyw\u0105, kt\u00f3ra nadaje p\u0119d \u017cyciu. S\u0142abe strony eliminujesz lub szukasz, kogo\u015b, kto ci w tej dziedzinie pomo\u017ce. Pami\u0119tam wyk\u0142ad Rudolpha Giuliani, by\u0142ego burmistrza NY, w kt\u00f3rym wyzna\u0142, \u017ce nigdy nie by\u0142 mocny w finansach i w\u0142a\u015bnie dlatego zawsze otacza\u0142 si\u0119 najlepszymi specjalistami w tej dziedzinie. Nie tra\u0107 czasu na poprawianie s\u0142abych stron &#8211; co najwy\u017cej osi\u0105gniesz poziom poprawnej sprawno\u015bci. Ale pomy\u015bl, co jeste\u015b w stanie osi\u0105gn\u0105\u0107, je\u015bli ten czas i wysi\u0142ek po\u015bwi\u0119cisz na szlifowanie tego, co ju\u017c w Tobie jest mocne.<\/p>\n<p>Naturalne talenty, nabyte umiej\u0119tno\u015bci i do\u015bwiadczenie plus twoja niepowtarzalna osobowo\u015b\u0107 \u2013 to jest MARKA i aby j\u0105 zbudowa\u0107 musisz odpowiedzie\u0107 sobie na kilka pyta\u0144:<\/p>\n<ol>\n<li>Jakimi WARTO\u015aCIAMI si\u0119 kierujesz?<\/li>\n<li>Jakie masz PASJ\u0118? Co Ci\u0119 interesuje?<\/li>\n<li>Dok\u0105d zmierzasz? Do czego d\u0105\u017cysz? Jak\u0105 masz WIZJ\u0118 siebie i MISJ\u0118 \u017cyciow\u0105?<\/li>\n<li>Co OFERUJESZ od siebie innym?<\/li>\n<li>Jakie RELACJE budujesz z lud\u017ami?<\/li>\n<li>Jakim J\u0118ZYKIEM m\u00f3wisz?<\/li>\n<li>Jakimi lud\u017ami chcesz si\u0119 OTACZA\u0106?<\/li>\n<li>Jak chcesz wygl\u0105da\u0107, by wyra\u017ca\u0142o to Twoj\u0105 osobowo\u015b\u0107, Tw\u00f3j STYL?<\/li>\n<li>Co m\u00f3wisz i robisz, jak dzia\u0142asz? Jak jeste\u015b postrzegany? Jaka jest Twoja REPUTACJA?<\/li>\n<li>Jak chcesz by\u0107 postrzegany? Jak\u0105 chcesz by\u0107 MARK\u0104?<\/li>\n<\/ol>\n<p>&nbsp;<\/p>\n<p>Budowanie wizerunku jest jak nak\u0142adanie kolejnych okular\u00f3w, kt\u00f3re zwi\u0119kszaj\u0105 Twoje pole widzenia. Na pocz\u0105tek patrzysz na siebie tylko ze swojej subiektywnej perspektywy. Co Ty s\u0105dzisz, wiesz i odczuwasz na sw\u00f3j temat. Potem zak\u0142adasz kolejno okulary przyjaci\u00f3\u0142, znajomych czy koleg\u00f3w z pracy, a\u017c wreszcie starasz si\u0119 u\u015bwiadomi\u0107 sobie, jak postrzegaj\u0105 Ci\u0119 wszyscy inni, jakie robisz wra\u017cenie, jak\u0105 masz reputacj\u0119.<\/p>\n<p>Budowanie wizerunku to nie tylko podr\u00f3\u017c z punktu A do punktu E , to praca nad tym, by sta\u0107 si\u0119 takimi, jakimi CHCEMY, BY WIDZIELI NAS INNI, czyli jakimi autentycznie chcemy by\u0107 Na tym polega praca nad sob\u0105.<\/p>\n<p>Buduj sw\u00f3j wizerunek w zgodzie z samym sob\u0105. Nie b\u0105d\u017a malowan\u0105 lal\u0105 dobrego PR.<br \/>\nB\u0105d\u017a autentyczny. Pracuj nad przestrzeni\u0105 pomi\u0119dzy tym jak jest, a jak chcia\u0142by\u015b, by by\u0142o. A potem to, jak chcia\u0142by\u015b, by by\u0142o, stanie si\u0119 tym, jak jest. Wyznacz sobie dalsze cele. Na tym polega autentyczny rozw\u00f3j osobisty, czego nieustannie Tobie i sobie gor\u0105co \u017cycz\u0119.<\/p>\n<p>P.S. Budowanie marki osobistej jest tak wa\u017cnym elementem tworzenia biznesu, \u017ce po\u015bwi\u0119camy mu ca\u0142odzienny modu\u0142 szkoleniowy w naszej Szkole Przedsi\u0119biorczo\u015bci. Zar\u00f3wno, je\u015bli jeste\u015b przedsi\u0119biorc\u0105, pracownikiem, czy freelancerem,\u00a0 pracujesz na sw\u00f3j wizerunek w Twoim \u015brodowisku i w sieci. Zatem gor\u0105co zach\u0119cam, do \u00a0pog\u0142\u0119bienia wiedzy na ten temat:<\/p>\n<p><a href=\"http:\/\/www.akademiaset.pl\/content.php?ContentId=32\">http:\/\/www.akademiaset.pl\/content.php?ContentId=32<\/a><\/p>\n<div class=\"crunchify-social\"><h5>Udost\u0119pnij<\/h5><a class=\"ikon-share-gs\" href=\"https:\/\/www.facebook.com\/sharer\/sharer.php?u=https%3A%2F%2Fgrupaset.pl%2Fsetkiinspiracji%2Fjaka-jestes-marka%2F\" target=\"_blank\"><i style=\"color:#3b5999; font-size:30px\" class=\"moon-facebook-2\"><\/i><\/a><a class=\"ikon-share-gs\" href=\"https:\/\/twitter.com\/intent\/tweet?text=4.%20Jak\u0105%20jeste\u015b%20MARK\u0104?&amp;url=https%3A%2F%2Fgrupaset.pl%2Fsetkiinspiracji%2Fjaka-jestes-marka%2F&amp;via=Crunchify\" target=\"_blank\"><i style=\"color:#1dcaff; font-size:30px\" class=\"moon-twitter-2\"><\/i><\/a><a class=\"ikon-share-gs\" href=\"https:\/\/plus.google.com\/share?url=https%3A%2F%2Fgrupaset.pl%2Fsetkiinspiracji%2Fjaka-jestes-marka%2F\" target=\"_blank\"><i style=\"color:#d34836; font-size:30px\" class=\"moon-google-plus-3\"><\/i><\/a><a class=\"ikon-share-gs\" href=\"https:\/\/www.linkedin.com\/shareArticle?mini=true&url=https%3A%2F%2Fgrupaset.pl%2Fsetkiinspiracji%2Fjaka-jestes-marka%2F&amp;title=4.%20Jak\u0105%20jeste\u015b%20MARK\u0104?\" target=\"_blank\"><i style=\"color:#007bb5; font-size:30px\" class=\"moon-linkedin\"><\/i><\/a><\/div>","protected":false},"excerpt":{"rendered":"<p>We\u017amy na przyk\u0142ad tzw. ELEVATOR PITCH . Spotykasz w windzie kogo\u015b, kto chcia\u0142by dowiedzie\u0107 si\u0119 czego o Tobie. Masz na to 30 Udost\u0119pnij<\/p>\n","protected":false},"author":38,"featured_media":6419,"comment_status":"open","ping_status":"open","sticky":false,"template":"","format":"image","meta":{"footnotes":""},"categories":[2,45],"tags":[],"class_list":["post-31","post","type-post","status-publish","format-image","has-post-thumbnail","hentry","category-blog","category-przedsiebiorczosc","post_format-post-format-image"],"_links":{"self":[{"href":"https:\/\/grupaset.pl\/setkiinspiracji\/wp-json\/wp\/v2\/posts\/31","targetHints":{"allow":["GET"]}}],"collection":[{"href":"https:\/\/grupaset.pl\/setkiinspiracji\/wp-json\/wp\/v2\/posts"}],"about":[{"href":"https:\/\/grupaset.pl\/setkiinspiracji\/wp-json\/wp\/v2\/types\/post"}],"author":[{"embeddable":true,"href":"https:\/\/grupaset.pl\/setkiinspiracji\/wp-json\/wp\/v2\/users\/38"}],"replies":[{"embeddable":true,"href":"https:\/\/grupaset.pl\/setkiinspiracji\/wp-json\/wp\/v2\/comments?post=31"}],"version-history":[{"count":4,"href":"https:\/\/grupaset.pl\/setkiinspiracji\/wp-json\/wp\/v2\/posts\/31\/revisions"}],"predecessor-version":[{"id":50342,"href":"https:\/\/grupaset.pl\/setkiinspiracji\/wp-json\/wp\/v2\/posts\/31\/revisions\/50342"}],"wp:featuredmedia":[{"embeddable":true,"href":"https:\/\/grupaset.pl\/setkiinspiracji\/wp-json\/wp\/v2\/media\/6419"}],"wp:attachment":[{"href":"https:\/\/grupaset.pl\/setkiinspiracji\/wp-json\/wp\/v2\/media?parent=31"}],"wp:term":[{"taxonomy":"category","embeddable":true,"href":"https:\/\/grupaset.pl\/setkiinspiracji\/wp-json\/wp\/v2\/categories?post=31"},{"taxonomy":"post_tag","embeddable":true,"href":"https:\/\/grupaset.pl\/setkiinspiracji\/wp-json\/wp\/v2\/tags?post=31"}],"curies":[{"name":"wp","href":"https:\/\/api.w.org\/{rel}","templated":true}]}}