{"id":204,"date":"2014-01-07T16:58:25","date_gmt":"2014-01-07T15:58:25","guid":{"rendered":"http:\/\/www.grupaset.pl\/blog\/?p=204"},"modified":"2018-03-07T23:36:42","modified_gmt":"2018-03-07T22:36:42","slug":"cel-z-dzialaniem-i-dzialanie-z-celem","status":"publish","type":"post","link":"https:\/\/grupaset.pl\/setkiinspiracji\/cel-z-dzialaniem-i-dzialanie-z-celem\/","title":{"rendered":"9. Cel z dzia\u0142aniem i dzia\u0142anie z celem."},"content":{"rendered":"<p>Koniec starego czy \u00a0pocz\u0105tek nowego roku to zwykle czas, kiedy podejmujemy mocne postanowienia: \u201eB\u0119d\u0119 regularnie \u0107wiczy\u0107!\u201d,<!--more--> \u201eZnajd\u0119 now\u0105 prac\u0119.\u201d,\u00a0 \u201eRzuc\u0119 palenie!\u201d, \u201eSchudn\u0119. W tym roku to ju\u017c na pewno!\u201d&#8230; przyk\u0142ady mo\u017cna by mno\u017cy\u0107. Znacie to? Te\u017c tak macie? A jak jest z realizacj\u0105 tych cel\u00f3w?<\/p>\n<p>Wyznaczanie cel\u00f3w jest wa\u017cne, poniewa\u017c to one wyznaczaj\u0105 kierunek naszego dzia\u0142ania, pozwalaj\u0105 nam zaj\u015b\u0107 tam, dok\u0105d chcemy. To my kierujemy naszym \u017cyciem, a nie dajemy si\u0119 nie\u015b\u0107 z pr\u0105dem wydarze\u0144. Kluczowe s\u0142owo jednak to \u201edzia\u0142anie\u201d. <i>Cel bez dzia\u0142ania, to tylko marzenie. A dzia\u0142anie bez celu to koszmar. <\/i>\u2013 powiedzia\u0142 Philip Kotler. Ale po kolei.<\/p>\n<p>Cele definiujemy dla r\u00f3\u017cnych sfer naszego \u017cycia, mo\u017cna je nazwa\u0107 te\u017c filarami naszego \u017cycia:<\/p>\n<p><b>fizyczny<\/b> \u2013 Jak zadbam o cia\u0142o, zdrowie i kondycj\u0119 fizyczn\u0105? Jak\u0105 diet\u0119 b\u0119d\u0119 stosowa\u0107?<\/p>\n<p><b>duchowy<\/b> \u2013 Dok\u0105d zmierzam? Jaki ma to wszystko wy\u017cszy cel? Jaka jest moja misja \u017cyciowa?<\/p>\n<p><b>intelektualny<\/b> \u2013 Czego chc\u0119 si\u0119 nauczy\u0107? Czego dowiedzie\u0107? Co w sobie rozwin\u0105\u0107? Nad czym popracowa\u0107?<\/p>\n<p><b>emocjonalny<\/b> \u2013 Jakie uczucia we mnie dominuj\u0105? Jakie znaczenie chc\u0119 nada\u0107 temu, co robi\u0119? Jak robi\u0119? Jakie emocje mi przeszkadzaj\u0105? Z jakimi emocjami chc\u0119 si\u0119 upora\u0107? Jakie emocje budz\u0119 w innych?<\/p>\n<p><b>mentalny<\/b> \u2013 Jak postrzegam, warto\u015bciuj\u0119 i reaguj\u0119 na \u015bwiat i ludzi? Czy chc\u0119 co\u015b zmieni\u0107? Jak chc\u0119 pracowa\u0107 nad relacjami z lud\u017ami?<\/p>\n<p><b>materialny<\/b> \u2013 Jak zadbam o swoje bezpiecze\u0144stwo finansowe? A mo\u017ce nawet luksus finansowy? Jakie stawiam sobie cele biznesowe?<\/p>\n<p>Masz ju\u017c wyznaczanie cel\u00f3w za sob\u0105? Spisa\u0142e\u015b je?\u00a0 Czas na ich wySMARTowanie.<br \/>\nZastan\u00f3w si\u0119 teraz, czy ten cel jest:<\/p>\n<p><b><span style=\"text-decoration: underline;\">S<\/span><\/b><span style=\"text-decoration: underline;\">precyzowany<\/span> \u2013 Co dok\u0142adnie chc\u0119 zrobi\u0107\/ osi\u0105gn\u0105\u0107?<\/p>\n<p><b><span style=\"text-decoration: underline;\">M<\/span><\/b><span style=\"text-decoration: underline;\">ierzalny<\/span> \u2013 Jak mog\u0119 go zmierzy\u0107? Po czym poznam, \u017ce go zrealizowa\u0142em?<\/p>\n<p><b><span style=\"text-decoration: underline;\">A<\/span><\/b><span style=\"text-decoration: underline;\">mbitny<\/span> \u2013 Czy stanowi dla mnie rzeczywi\u015bcie wyzwanie?<\/p>\n<p><b><span style=\"text-decoration: underline;\">R<\/span><\/b><span style=\"text-decoration: underline;\">ealny<\/span> \u2013 Czy jest w zasi\u0119gu moich mo\u017cliwo\u015bci?<\/p>\n<p><b><span style=\"text-decoration: underline;\">T<\/span><\/b><span style=\"text-decoration: underline;\">erminowy<\/span> \u00a0&#8211; czyli okre\u015blony w czasie. Kiedy go zrealizuj\u0119? Ile czasu sobie daj\u0119?<\/p>\n<p>Zastan\u00f3w si\u0119 jeszcze: Jakie wyznaczasz sobie cele cz\u0105stkowe? W jakim czasie? Napisz konkretnie, co i kiedy zrobisz. A mo\u017ce warto podzieli\u0107 si\u0119 Twoim celem z kim\u015b wa\u017cnym dla Ciebie? Zobowi\u0105za\u0107 si\u0119 przed nim do realizacji.<\/p>\n<p>A teraz najwa\u017cniejsze: DZIA\u0141ANIE. Bez niego b\u0119d\u0105 to tylko marzenia, mrzonki i poczucie niespe\u0142nienia.<br \/>\nWalt Disney ca\u0142e \u017cycie by\u0142 wierny swoim warto\u015bciom: <i>marzenia, wiara, odwaga i czyn. <\/i>Bez nich nikt by dzi\u015b nie zna\u0142 Myszki Miki i &#8230; d\u0142ugo by wymienia\u0107. Same marzenia nie wystarcz\u0105. Co by\u0142oby lub czego nie by\u0142oby, gdyby Walt Disney nadal tylko marzy\u0142 a jego postacie mieszka\u0142yby tylko w jego wyobra\u017ani? Ale on wierzy\u0142, \u017ce jego rysunki trafi\u0105 do filmu. Wiele razy mu odmawiano, rozpocz\u0105\u0142 wi\u0119c sam produkcj\u0119 swoich film\u00f3w w gara\u017cu stryja. Tak powsta\u0142a \u201eKr\u00f3lewna \u015anie\u017cka\u201d i dalsz\u0105 histori\u0119 ju\u017c znacie. <i>Marzenia, wiara, odwaga i czyn.<\/i> Nawet kiedy by\u0142 znany by\u0142y mu potrzebne. Podobno pierwszy bankier, do kt\u00f3rego si\u0119 uda\u0142 z pomys\u0142em Disneylandu wybuchn\u0105\u0142 mu w twarz \u015bmiechem&#8230;<\/p>\n<p>Wierzysz w swoje marzenia? Masz odwag\u0119 je realizowa\u0107? A wi\u0119c, co zrobisz jutro w kwestii wyznaczania cel\u00f3w i ich realizacji? (A mo\u017ce nawet podzielisz si\u0119 tym z nami?)<\/p>\n<div class=\"crunchify-social\"><h5>Udost\u0119pnij<\/h5><a class=\"ikon-share-gs\" href=\"https:\/\/www.facebook.com\/sharer\/sharer.php?u=https%3A%2F%2Fgrupaset.pl%2Fsetkiinspiracji%2Fcel-z-dzialaniem-i-dzialanie-z-celem%2F\" target=\"_blank\"><i style=\"color:#3b5999; font-size:30px\" class=\"moon-facebook-2\"><\/i><\/a><a class=\"ikon-share-gs\" href=\"https:\/\/twitter.com\/intent\/tweet?text=9.%20Cel%20z%20dzia\u0142aniem%20i%20dzia\u0142anie%20z%20celem.&amp;url=https%3A%2F%2Fgrupaset.pl%2Fsetkiinspiracji%2Fcel-z-dzialaniem-i-dzialanie-z-celem%2F&amp;via=Crunchify\" target=\"_blank\"><i style=\"color:#1dcaff; font-size:30px\" class=\"moon-twitter-2\"><\/i><\/a><a class=\"ikon-share-gs\" href=\"https:\/\/plus.google.com\/share?url=https%3A%2F%2Fgrupaset.pl%2Fsetkiinspiracji%2Fcel-z-dzialaniem-i-dzialanie-z-celem%2F\" target=\"_blank\"><i style=\"color:#d34836; font-size:30px\" class=\"moon-google-plus-3\"><\/i><\/a><a class=\"ikon-share-gs\" href=\"https:\/\/www.linkedin.com\/shareArticle?mini=true&url=https%3A%2F%2Fgrupaset.pl%2Fsetkiinspiracji%2Fcel-z-dzialaniem-i-dzialanie-z-celem%2F&amp;title=9.%20Cel%20z%20dzia\u0142aniem%20i%20dzia\u0142anie%20z%20celem.\" target=\"_blank\"><i style=\"color:#007bb5; font-size:30px\" class=\"moon-linkedin\"><\/i><\/a><\/div>","protected":false},"excerpt":{"rendered":"<p>Koniec starego czy \u00a0pocz\u0105tek nowego roku to zwykle czas, kiedy podejmujemy mocne postanowienia: \u201eB\u0119d\u0119 regularnie \u0107wiczy\u0107!\u201d, Udost\u0119pnij<\/p>\n","protected":false},"author":38,"featured_media":6052,"comment_status":"open","ping_status":"open","sticky":false,"template":"","format":"image","meta":{"footnotes":""},"categories":[2,46],"tags":[],"class_list":["post-204","post","type-post","status-publish","format-image","has-post-thumbnail","hentry","category-blog","category-rozwoj","post_format-post-format-image"],"_links":{"self":[{"href":"https:\/\/grupaset.pl\/setkiinspiracji\/wp-json\/wp\/v2\/posts\/204","targetHints":{"allow":["GET"]}}],"collection":[{"href":"https:\/\/grupaset.pl\/setkiinspiracji\/wp-json\/wp\/v2\/posts"}],"about":[{"href":"https:\/\/grupaset.pl\/setkiinspiracji\/wp-json\/wp\/v2\/types\/post"}],"author":[{"embeddable":true,"href":"https:\/\/grupaset.pl\/setkiinspiracji\/wp-json\/wp\/v2\/users\/38"}],"replies":[{"embeddable":true,"href":"https:\/\/grupaset.pl\/setkiinspiracji\/wp-json\/wp\/v2\/comments?post=204"}],"version-history":[{"count":3,"href":"https:\/\/grupaset.pl\/setkiinspiracji\/wp-json\/wp\/v2\/posts\/204\/revisions"}],"predecessor-version":[{"id":50347,"href":"https:\/\/grupaset.pl\/setkiinspiracji\/wp-json\/wp\/v2\/posts\/204\/revisions\/50347"}],"wp:featuredmedia":[{"embeddable":true,"href":"https:\/\/grupaset.pl\/setkiinspiracji\/wp-json\/wp\/v2\/media\/6052"}],"wp:attachment":[{"href":"https:\/\/grupaset.pl\/setkiinspiracji\/wp-json\/wp\/v2\/media?parent=204"}],"wp:term":[{"taxonomy":"category","embeddable":true,"href":"https:\/\/grupaset.pl\/setkiinspiracji\/wp-json\/wp\/v2\/categories?post=204"},{"taxonomy":"post_tag","embeddable":true,"href":"https:\/\/grupaset.pl\/setkiinspiracji\/wp-json\/wp\/v2\/tags?post=204"}],"curies":[{"name":"wp","href":"https:\/\/api.w.org\/{rel}","templated":true}]}}