{"id":13,"date":"2013-06-19T11:08:47","date_gmt":"2013-06-19T09:08:47","guid":{"rendered":"http:\/\/www.grupaset.pl\/blog\/?p=13"},"modified":"2018-03-07T23:35:56","modified_gmt":"2018-03-07T22:35:56","slug":"wlasny-biznes-to-pasja-bla-bla-bla","status":"publish","type":"post","link":"https:\/\/grupaset.pl\/setkiinspiracji\/wlasny-biznes-to-pasja-bla-bla-bla\/","title":{"rendered":"1. W\u0142asny biznes to pasja? Bla, bla, bla&#8230;"},"content":{"rendered":"<p><b>Pami\u0119tam tekst Agnieszki Chyli\u0144skiej na temat macierzy\u0144stwa (<\/b><a href=\"http:\/\/kobieta.interia.pl\/news-macierzynstwo-to-sciema,nId,39859\"><b>http:\/\/kobieta.interia.pl\/news-macierzynstwo-to-sciema,nId,39859<\/b><\/a><b>), po lekturze kt\u00f3rego pomy\u015bla\u0142em <!--more-->\u2013 nareszcie kto\u015b wpu\u015bci\u0142 troch\u0119 powietrza w ten cukierkowy \u015bwiat opisywany w poradnikach dla m\u0142odych matek. Ja w\u0142a\u015bnie wpuszczam \u00a0troch\u0119 powietrza w \u015bwiat prowadzenia firmy, bo to nie tylko inspiracja i pasja. To r\u00f3wnie\u017c ci\u0119\u017cka praca. Zatem od pocz\u0105tku.<\/b><\/p>\n<p>Jak wskazuje tytu\u0142, nie b\u0119dzie to pean na cze\u015b\u0107 inspiracji, pasji, satysfakcji, kreatywno\u015bci, rado\u015bci odkrywania i innych wznios\u0142o\u015bci, o kt\u00f3rych mo\u017cna poczyta\u0107 w wielu artyku\u0142ach o \u201em\u0142odych przedsi\u0119biorcach\u201d. \u00a0Nie b\u0119d\u0119 o tym pisa\u0142, nie dzi\u015b. Chc\u0119 wreszcie zacz\u0105\u0107 m\u00f3wi\u0107 o tym, \u017ce rzuci\u0107 etat to <b>cholernie odwa\u017cna decyzja<\/b>, kt\u00f3ra niesie za sob\u0105 <b>cholernie powa\u017cne konsekwencje<\/b>.<\/p>\n<p>Etat to wygoda i pozorne bezpiecze\u0144stwo. Dlaczego pozorne? Ot\u00f3\u017c, kiedy organizacja zaproponowa\u0142a mi \u201ekontynuowanie kariery poza jej strukturami\u201d, bardzo bole\u015bnie do\u015bwiadczy\u0142em tego pozornego bezpiecze\u0144stwa. Wprawdzie nie musia\u0142em chodzi\u0107 do pracy i jeszcze przez trzy miesi\u0105ce otrzymywa\u0142em pensj\u0119, ale moment, w kt\u00f3rym pensja przesta\u0142a wp\u0142ywa\u0107, <b>bezlito\u015bnie obna\u017cy\u0142 ca\u0142y niewielki kapita\u0142, kt\u00f3rym dysponowa\u0142em<\/b>. Nie, nie m\u00f3wi\u0119 o kapitale intelektualnym \u2013 tego akurat\u00a0 nie musia\u0142em si\u0119 wstydzi\u0107. M\u00f3wi\u0119 o KOMPLENTYM braku przygotowania do odpowiedzialno\u015bci, kt\u00f3ra czeka\u0142a na mnie poza klimatyzowanymi biurami, dobrymi hotelami, pensj\u0105 na koniec miesi\u0105ca i s\u0142u\u017cbowym autem.<\/p>\n<p>W\u00f3wczas najwi\u0119kszym kapita\u0142em by\u0142o to, \u017ce nie by\u0142em sam \u2013 od pocz\u0105tku mia\u0142em wsp\u00f3lnik\u00f3w, kt\u00f3rzy siedzieli na tym samym w\u00f3zku i borykali si\u0119 z podobnymi bol\u0105czkami. Teraz jednak pisz\u0119 wy\u0142\u0105cznie w swoim imieniu i cho\u0107 intuicja mi podpowiada, \u017ce wszyscy mieli\u015bmy podobn\u0105 sytuacj\u0119, to jednak nie mog\u0119 pisa\u0107 w ich imieniu. Zatem z mojego punktu widzenia.<\/p>\n<p><b>Owszem, wiedzia\u0142em, \u017ce s\u0105 rzeczy, kt\u00f3re robi\u0119 dobrze, \u017ce wiele potrafi\u0119 i, \u017ce znajd\u0105 si\u0119 ludzie, kt\u00f3rzy b\u0119d\u0105 zainteresowani tym, co mog\u0119 im da\u0107. Nie wiedzia\u0142em jednak, jak ich znale\u017a\u0107 i poinformowa\u0107 o tym, \u017ce istniej\u0119. I na dodatek, jak to zrobi\u0107 szybko, \u017ceby op\u0142aci\u0107 rachunki. <\/b><\/p>\n<p>Kolejna rzecz \u2013 etat w korporacji a potem jego brak i du\u017ca ilo\u015b\u0107 czasu, kt\u00f3ra po nim pozosta\u0142a powodowa\u0142y, \u017ce czu\u0142em si\u0119 nieproduktywny (brzydkie s\u0142owo), nieefektywny (nieco \u0142adniejsze) i mia\u0142em koszmarne wyrzuty sumienia, \u017ce niewiele robi\u0119. W korpach pracowa\u0142em od 8:00 do 18:00 \u2013 19:00 \u2013 to by\u0142o co\u015b! A teraz? By\u0142a godzina 11:00 a ja zrobi\u0142em wszystko, co mog\u0142em. Konto firmowe puste, prywatne puste, a ja siedzia\u0142em i nic nie robi\u0142em.<\/p>\n<p>I wiecie co? Ja NIE WIEDZIA\u0141EM\u00a0 co m\u00f3g\u0142bym zrobi\u0107. <b>Nie by\u0142o nikogo, kto by nade mn\u0105 stan\u0105\u0142 i rozliczy\u0142 mnie z zada\u0144, kto by mi je zleci\u0142 a potem wymaga\u0142 realizacji.<\/b> U\u015bwiadomi\u0142em sobie wtedy, jak bardzo korporacyjny etat zwalnia\u0142 mnie z odpowiedzialno\u015bci. Tam, nawet je\u015bli nie zrealizowa\u0142em <i>target\u00f3w <\/i>(kolejne brzydkie s\u0142owo), to 28 ka\u017cdego miesi\u0105ca mia\u0142em pensj\u0119 na koncie. A tu \u2013 nikt ode mnie nie wymaga kolejnej tabelki albo spotkania, ale doskonale wiem, \u017ce je\u015bli CZEGO\u015a nie zrobi\u0119 (nie zrobimy jako sp\u00f3\u0142ka), to za chwil\u0119 b\u0119d\u0119 musia\u0142 si\u0119 ustawi\u0107 w kolejce po zasi\u0142ek. Dzi\u015b r\u00f3\u017cnica polega na tym, \u017ce je\u015bli CZEGO\u015a nie zrobimy, to po zasi\u0142ek b\u0119d\u0105 musieli si\u0119 ustawi\u0107 r\u00f3wnie\u017c nasi pracownicy, a wi\u0119c odpowiedzialno\u015b\u0107 jest jeszcze wi\u0119ksza.<\/p>\n<p>Na \u201eswoim\u201d nie ma rozproszonej odpowiedzialno\u015bci. Jest bezlitosny i konkurencyjny rynek a przede wszystkim Klient, kt\u00f3ry kupuje ode mnie, a nie od korporacji z reklam\u0105 w TV i dzia\u0142em prawnym, kt\u00f3ry odpowie za ewentualne b\u0142\u0119dy pracownik\u00f3w. Na \u201eswoim\u201d nie ma dzia\u0142u marketingu, kt\u00f3ry wymy\u015bli kolejne promocje i wy\u0142o\u017cy bud\u017cet na reklam\u0119. Zazwyczaj \u201ena swoim\u201d to niewielka, nikomu nieznana firemka z aspiracjami typu: \u201eprze\u017cy\u0107 najtrudniejszy czas\u201d. Przynajmniej na pocz\u0105tku.<\/p>\n<p>Czy rozkwitnie? Czy nabierze rozp\u0119du?<\/p>\n<p>Czy za jaki\u015b czas mo\u017ce si\u0119 sta\u0107 wa\u017cnym rynkowym graczem?<\/p>\n<p>Mo\u017ce. Mo\u017ce te\u017c nie przetrzyma\u0107 pierwszego roku.<\/p>\n<p>Co o tym decyduje?<\/p>\n<p>Powiem Wam, bo przecie\u017c pisz\u0119 to wszystko z perspektywy wsp\u00f3\u0142w\u0142a\u015bciciela firmy szkoleniowej, kt\u00f3ra ca\u0142kiem sprawnie radzi sobie na rynku, na kt\u00f3rym wielu innych sobie nie poradzi\u0142o. Pope\u0142nili\u015bmy wiele b\u0142\u0119d\u00f3w i pi\u0119\u0107 lat temu oz\u0142ociliby\u015bmy ka\u017cdego, kto na samym pocz\u0105tku powiedzia\u0142by nam co robi\u0107, \u017ceby nie wpa\u015b\u0107 w tak wiele pu\u0142apek. \u00a0Dzi\u015b ju\u017c to wiemy.<\/p>\n<p>Zapraszam do \u015bledzenia bloga \u2013 w kolejnym artykule o pierwszych krokach na swoim;)<\/p>\n<div class=\"crunchify-social\"><h5>Udost\u0119pnij<\/h5><a class=\"ikon-share-gs\" href=\"https:\/\/www.facebook.com\/sharer\/sharer.php?u=https%3A%2F%2Fgrupaset.pl%2Fsetkiinspiracji%2Fwlasny-biznes-to-pasja-bla-bla-bla%2F\" target=\"_blank\"><i style=\"color:#3b5999; font-size:30px\" class=\"moon-facebook-2\"><\/i><\/a><a class=\"ikon-share-gs\" href=\"https:\/\/twitter.com\/intent\/tweet?text=1.%20W\u0142asny%20biznes%20to%20pasja?%20Bla,%20bla,%20bla&#8230;&amp;url=https%3A%2F%2Fgrupaset.pl%2Fsetkiinspiracji%2Fwlasny-biznes-to-pasja-bla-bla-bla%2F&amp;via=Crunchify\" target=\"_blank\"><i style=\"color:#1dcaff; font-size:30px\" class=\"moon-twitter-2\"><\/i><\/a><a class=\"ikon-share-gs\" href=\"https:\/\/plus.google.com\/share?url=https%3A%2F%2Fgrupaset.pl%2Fsetkiinspiracji%2Fwlasny-biznes-to-pasja-bla-bla-bla%2F\" target=\"_blank\"><i style=\"color:#d34836; font-size:30px\" class=\"moon-google-plus-3\"><\/i><\/a><a class=\"ikon-share-gs\" href=\"https:\/\/www.linkedin.com\/shareArticle?mini=true&url=https%3A%2F%2Fgrupaset.pl%2Fsetkiinspiracji%2Fwlasny-biznes-to-pasja-bla-bla-bla%2F&amp;title=1.%20W\u0142asny%20biznes%20to%20pasja?%20Bla,%20bla,%20bla&#8230;\" target=\"_blank\"><i style=\"color:#007bb5; font-size:30px\" class=\"moon-linkedin\"><\/i><\/a><\/div>","protected":false},"excerpt":{"rendered":"<p>Pami\u0119tam tekst Agnieszki Chyli\u0144skiej na temat macierzy\u0144stwa (http:\/\/kobieta.interia.pl\/news-macierzynstwo-to-sciema,nId,39859), po lekturze kt\u00f3rego pomy\u015bla\u0142em Udost\u0119pnij<\/p>\n","protected":false},"author":3,"featured_media":7045,"comment_status":"open","ping_status":"open","sticky":false,"template":"","format":"image","meta":{"footnotes":""},"categories":[2,45],"tags":[47,48,49],"class_list":["post-13","post","type-post","status-publish","format-image","has-post-thumbnail","hentry","category-blog","category-przedsiebiorczosc","tag-biznes","tag-firma","tag-przedsiebiorczosc-2","post_format-post-format-image"],"_links":{"self":[{"href":"https:\/\/grupaset.pl\/setkiinspiracji\/wp-json\/wp\/v2\/posts\/13","targetHints":{"allow":["GET"]}}],"collection":[{"href":"https:\/\/grupaset.pl\/setkiinspiracji\/wp-json\/wp\/v2\/posts"}],"about":[{"href":"https:\/\/grupaset.pl\/setkiinspiracji\/wp-json\/wp\/v2\/types\/post"}],"author":[{"embeddable":true,"href":"https:\/\/grupaset.pl\/setkiinspiracji\/wp-json\/wp\/v2\/users\/3"}],"replies":[{"embeddable":true,"href":"https:\/\/grupaset.pl\/setkiinspiracji\/wp-json\/wp\/v2\/comments?post=13"}],"version-history":[{"count":2,"href":"https:\/\/grupaset.pl\/setkiinspiracji\/wp-json\/wp\/v2\/posts\/13\/revisions"}],"predecessor-version":[{"id":50339,"href":"https:\/\/grupaset.pl\/setkiinspiracji\/wp-json\/wp\/v2\/posts\/13\/revisions\/50339"}],"wp:featuredmedia":[{"embeddable":true,"href":"https:\/\/grupaset.pl\/setkiinspiracji\/wp-json\/wp\/v2\/media\/7045"}],"wp:attachment":[{"href":"https:\/\/grupaset.pl\/setkiinspiracji\/wp-json\/wp\/v2\/media?parent=13"}],"wp:term":[{"taxonomy":"category","embeddable":true,"href":"https:\/\/grupaset.pl\/setkiinspiracji\/wp-json\/wp\/v2\/categories?post=13"},{"taxonomy":"post_tag","embeddable":true,"href":"https:\/\/grupaset.pl\/setkiinspiracji\/wp-json\/wp\/v2\/tags?post=13"}],"curies":[{"name":"wp","href":"https:\/\/api.w.org\/{rel}","templated":true}]}}